{"id":13742,"date":"2019-12-19T16:01:30","date_gmt":"2019-12-19T16:01:30","guid":{"rendered":"https:\/\/globalpacta.com?p=13742"},"modified":"2019-12-20T11:21:23","modified_gmt":"2019-12-20T11:21:23","slug":"la-proteccio-juridica-per-als-passatgers-aeris-2","status":"publish","type":"post","link":"https:\/\/globalpacta.com\/ca\/la-proteccio-juridica-per-als-passatgers-aeris-2\/","title":{"rendered":"La protecci\u00f3 jur\u00eddica per als passatgers aeris"},"content":{"rendered":"<div class=\"fusion-fullwidth fullwidth-box fusion-builder-row-1 nonhundred-percent-fullwidth non-hundred-percent-height-scrolling\" style=\"--awb-border-radius-top-left:0px;--awb-border-radius-top-right:0px;--awb-border-radius-bottom-right:0px;--awb-border-radius-bottom-left:0px;--awb-flex-wrap:wrap;\" ><div class=\"fusion-builder-row fusion-row\"><div class=\"fusion-layout-column fusion_builder_column fusion-builder-column-0 fusion_builder_column_1_1 1_1 fusion-one-full fusion-column-first fusion-column-last\" style=\"--awb-bg-size:cover;--awb-margin-bottom:0px;\"><div class=\"fusion-column-wrapper fusion-flex-column-wrapper-legacy\"><div class=\"fusion-text fusion-text-1\"><p>&nbsp;<\/p>\n<p><img decoding=\"async\" class=\"aligncenter wp-image-13750\" src=\"https:\/\/globalpacta.com\/wp-content\/uploads\/2019\/12\/Vuelo-300x95.jpg\" alt=\"\" width=\"1011\" height=\"321\" srcset=\"https:\/\/globalpacta.com\/wp-content\/uploads\/2019\/12\/Vuelo-200x63.jpg 200w, https:\/\/globalpacta.com\/wp-content\/uploads\/2019\/12\/Vuelo-300x95.jpg 300w, https:\/\/globalpacta.com\/wp-content\/uploads\/2019\/12\/Vuelo-400x127.jpg 400w, https:\/\/globalpacta.com\/wp-content\/uploads\/2019\/12\/Vuelo-600x190.jpg 600w, https:\/\/globalpacta.com\/wp-content\/uploads\/2019\/12\/Vuelo.jpg 640w\" sizes=\"(max-width: 1011px) 100vw, 1011px\" \/><\/p>\n<p>Aquest article t\u00e9 per objecte sintetitzar, seguint les <strong>Directrius de la Comissi\u00f3 Europea<\/strong> del 15.06.2016, all\u00f2 que disposa el <strong>Reglament 261\/2004 del Parlament europeu i del Consell d&#8217;11 de febrer de 2004<\/strong>, que estableix unes normes comunes sobre compensaci\u00f3 i assist\u00e8ncia als passatgers aeris en cas de:<\/p>\n<p>&nbsp;<\/p>\n<p><strong>DENEGACI\u00d3 D&#8217;EMBARCAMENT<\/strong><\/p>\n<p>Es tracta d&#8217;un sup\u00f2sit en el qual, malgrat tenir una confirmaci\u00f3 de reserva, no es permet l&#8217;embarcament (a causa d&#8217;overbooking, per exemple). En aquests casos, el transportista aeri est\u00e0 obligat a, en primer lloc, preguntar per voluntaris per a renunciar a la seva reserva i, en segon lloc i en cas de no haver-n\u2019hi, denegar for\u00e7osament l&#8217;embarcament.<\/p>\n<p>En cas de renuncia volunt\u00e0ria a la reserva i no embarcament, es tindr\u00e0 dret a una de les seg\u00fcents dues opcions:<\/p>\n<ol>\n<li>Al <strong>REEMBORSAMENT<\/strong> (en 7 dies) del cost del bitllet corresponent al viatge no efectuat. En cas de mancar de sentit el viatge per la ren\u00fancia d&#8217;un dels vols, tamb\u00e9 al reemborsament del cost del bitllet dels vols ja efectuats, a m\u00e9s d&#8217;un vol de tornada al primer punt de partida.<\/li>\n<li>A la <strong>CONDUCCI\u00d3<\/strong> fins a la destinaci\u00f3 final.<\/li>\n<\/ol>\n<p>&nbsp;<\/p>\n<p>En cas de denegaci\u00f3 for\u00e7osa de l\u2019embarcament, a m\u00e9s dels drets de reemborsament o conducci\u00f3, es tindr\u00e0 dret a:<\/p>\n<ol>\n<li>Una <strong>COMPENSACI\u00d3<\/strong> per valor de 250\u20ac per a vols de fins a 1.500 km, 400\u20ac per a vols intracomunitaris de m\u00e9s de 1.500 km i els altres vols de 1.500 i 3.000 km, i 600\u20ac per als altres;<\/li>\n<li><strong>ATENCI\u00d3<\/strong> (menjar i refrescos necessaris per a l&#8217;espera, allotjament en cas de pernocta, transport a l&#8217;allotjament i a l&#8217;aeroport, i dues trucades telef\u00f2niques gratu\u00eftes o correus electr\u00f2nics).<\/li>\n<\/ol>\n<p><strong>\u00a0<\/strong><\/p>\n<p><strong>CANCEL\u00b7LACI\u00d3 DE VOL<\/strong><\/p>\n<p>En cas de cancel\u00b7laci\u00f3, es tindr\u00e0 sempre dret al <strong>REEMBORSAMENT<\/strong> o a la <strong>CONDUCCI\u00d3<\/strong> fins a la destinaci\u00f3 final i a <strong>ATENCI\u00d3<\/strong> (veure sup\u00f2sit anterior).<\/p>\n<p>A m\u00e9s, es tindr\u00e0 dret a la <strong>COMPENSACI\u00d3<\/strong>, d&#8217;igual forma que pel cas de denegaci\u00f3 d&#8217;embarcament, tret que:<\/p>\n<ol>\n<li>S&#8217;hagu\u00e9s informat de la cancel\u00b7laci\u00f3 amb dues setmanes d&#8217;antelaci\u00f3 respecte a l&#8217;hora de sortida prevista o<\/li>\n<li>S&#8217;hagu\u00e9s informat amb una antelaci\u00f3 d\u2019entre dues setmanes i set dies i s&#8217;hagu\u00e9s ofert transport alternatiu (arribant amb menys de quatre hores de retard respecte a l&#8217;hora prevista), o<\/li>\n<li>S&#8217;hagu\u00e9s informat amb menys de set dies d&#8217;antelaci\u00f3 i s&#8217;ofer\u00eds vol que permet\u00e9s arribar amb menys de dues hores de retard a la destinaci\u00f3 final.<\/li>\n<\/ol>\n<p>&nbsp;<\/p>\n<p><strong>RETARD DE VOL <\/strong><\/p>\n<p>Es tindr\u00e0 dret a <strong>ATENCI\u00d3<\/strong> en cas que el retard en el vol respecte a l&#8217;hora de sortida prevista sigui:<\/p>\n<ul>\n<li>De dues hores o m\u00e9s en el cas de tots els vols de 1.500 km o menys.<\/li>\n<li>De tres hores o m\u00e9s en el cas de tots els vols intracomunitaris de m\u00e9s de 1.500 km i de tots els altres vols de 1.500 km i 3.500 km.<\/li>\n<li>De quatre o m\u00e9s hores en els altres vols.<\/li>\n<\/ul>\n<p>&nbsp;<\/p>\n<p>En cas que el retard sigui de m\u00e9s de cinc hores, es tindr\u00e0 dret al <strong>REEMBORSAMENT<\/strong> (en 7 dies) del cost del bitllet corresponent al viatge no efectuat. Si deix\u00e9s de tenir sentit el viatge per la ren\u00fancia d&#8217;un dels vols, tamb\u00e9 al reemborsament del cost del bitllet dels vols ja efectuats, a m\u00e9s d&#8217;un vol de tornada al primer punt de partida.<\/p>\n<p>&nbsp;<\/p>\n<p>Tamb\u00e9 es tindr\u00e0 dret a <strong>COMPENSACI\u00d3<\/strong>, com en els dos casos anteriors, si el retard \u00e9s de m\u00e9s de tres hores en l&#8217;arribada. Aix\u00f2 \u00e9s aix\u00ed segons el Tribunal de Just\u00edcia de la Uni\u00f3 Europea, en la seva Sent\u00e8ncia de 23 d&#8217;Octubre de 2012.<\/p>\n<p>&nbsp;<\/p>\n<p><strong>CANVI DE CLASSE<\/strong><\/p>\n<p>En cas que el canvi de classe sigui a una superior, no se sol\u00b7licitar\u00e0 cap pagament suplementari.<\/p>\n<p>Si s\u2019an\u00e9s a una inferior a aquella per la qual es va pagar el bitllet, s&#8217;efectuar\u00e0, en un termini de set dies, un <strong>REEMBORSAMENT<\/strong> del:<\/p>\n<ul>\n<li>30% del preu total del bitllet per als vols de 1.500 km o menys.<\/li>\n<li>50% del preu total del bitllet per als vols intracomunitaris de m\u00e9s de 1500 km (amb alguna excepci\u00f3) i els altres de 1.500 km i 3.500 km.<\/li>\n<li>75% del preu total del bitllet per a tots els altres.<\/li>\n<\/ul>\n<p>&nbsp;<\/p>\n<p><strong>*El reglament no s&#8217;aplicar\u00e0 a persones que viatgin gratu\u00eftament o amb un bitllet de preu redu\u00eft no a la disposici\u00f3 del p\u00fablic, per\u00f2 s\u00ed que s&#8217;aplicar\u00e0 als qui tinguin un bitllet expedit per operador tur\u00edstic o transportista aeri.<\/strong><\/p>\n<p><strong><em>\u00a0<\/em><\/strong><\/p>\n<p><em>Laura Gaude i Mas i Silvia Mart\u00ednez-Aguado<\/em><\/p>\n<p>&nbsp;<\/p>\n<\/div><div class=\"fusion-clearfix\"><\/div><\/div><\/div><\/div><\/div>\n","protected":false},"excerpt":{"rendered":"","protected":false},"author":7,"featured_media":13750,"comment_status":"open","ping_status":"open","sticky":false,"template":"","format":"standard","meta":{"_exactmetrics_skip_tracking":false,"_exactmetrics_sitenote_active":false,"_exactmetrics_sitenote_note":"","_exactmetrics_sitenote_category":0,"footnotes":""},"categories":[734,735,733],"tags":[],"_links":{"self":[{"href":"https:\/\/globalpacta.com\/ca\/wp-json\/wp\/v2\/posts\/13742"}],"collection":[{"href":"https:\/\/globalpacta.com\/ca\/wp-json\/wp\/v2\/posts"}],"about":[{"href":"https:\/\/globalpacta.com\/ca\/wp-json\/wp\/v2\/types\/post"}],"author":[{"embeddable":true,"href":"https:\/\/globalpacta.com\/ca\/wp-json\/wp\/v2\/users\/7"}],"replies":[{"embeddable":true,"href":"https:\/\/globalpacta.com\/ca\/wp-json\/wp\/v2\/comments?post=13742"}],"version-history":[{"count":2,"href":"https:\/\/globalpacta.com\/ca\/wp-json\/wp\/v2\/posts\/13742\/revisions"}],"predecessor-version":[{"id":13991,"href":"https:\/\/globalpacta.com\/ca\/wp-json\/wp\/v2\/posts\/13742\/revisions\/13991"}],"wp:featuredmedia":[{"embeddable":true,"href":"https:\/\/globalpacta.com\/ca\/wp-json\/wp\/v2\/media\/13750"}],"wp:attachment":[{"href":"https:\/\/globalpacta.com\/ca\/wp-json\/wp\/v2\/media?parent=13742"}],"wp:term":[{"taxonomy":"category","embeddable":true,"href":"https:\/\/globalpacta.com\/ca\/wp-json\/wp\/v2\/categories?post=13742"},{"taxonomy":"post_tag","embeddable":true,"href":"https:\/\/globalpacta.com\/ca\/wp-json\/wp\/v2\/tags?post=13742"}],"curies":[{"name":"wp","href":"https:\/\/api.w.org\/{rel}","templated":true}]}}