{"id":14010,"date":"2019-12-30T12:44:59","date_gmt":"2019-12-30T12:44:59","guid":{"rendered":"https:\/\/globalpacta.com?p=14010"},"modified":"2019-12-30T12:44:59","modified_gmt":"2019-12-30T12:44:59","slug":"acciones-que-puede-realizar-antes-de-finalizar-el-ano-para-rebajar-su-liquidacion-del-irpf","status":"publish","type":"post","link":"https:\/\/globalpacta.com\/ca\/acciones-que-puede-realizar-antes-de-finalizar-el-ano-para-rebajar-su-liquidacion-del-irpf\/","title":{"rendered":"Acciones que puede realizar antes de finalizar el a\u00f1o para rebajar su liquidaci\u00f3n del IRPF"},"content":{"rendered":"<p><div class=\"fusion-fullwidth fullwidth-box fusion-builder-row-1 nonhundred-percent-fullwidth non-hundred-percent-height-scrolling\" style=\"--awb-border-radius-top-left:0px;--awb-border-radius-top-right:0px;--awb-border-radius-bottom-right:0px;--awb-border-radius-bottom-left:0px;--awb-flex-wrap:wrap;\" ><div class=\"fusion-builder-row fusion-row\"><div class=\"fusion-layout-column fusion_builder_column fusion-builder-column-0 fusion_builder_column_1_1 1_1 fusion-one-full fusion-column-first fusion-column-last\" style=\"--awb-bg-size:cover;--awb-margin-bottom:0px;\"><div class=\"fusion-column-wrapper fusion-flex-column-wrapper-legacy\"><div class=\"fusion-text fusion-text-1\"><p><img decoding=\"async\" class=\"aligncenter wp-image-14018 size-full\" src=\"https:\/\/globalpacta.com\/wp-content\/uploads\/2019\/12\/IRPF.jpg\" alt=\"\" width=\"1500\" height=\"1000\" srcset=\"https:\/\/globalpacta.com\/wp-content\/uploads\/2019\/12\/IRPF-200x133.jpg 200w, https:\/\/globalpacta.com\/wp-content\/uploads\/2019\/12\/IRPF-300x200.jpg 300w, https:\/\/globalpacta.com\/wp-content\/uploads\/2019\/12\/IRPF-400x267.jpg 400w, https:\/\/globalpacta.com\/wp-content\/uploads\/2019\/12\/IRPF-600x400.jpg 600w, https:\/\/globalpacta.com\/wp-content\/uploads\/2019\/12\/IRPF-768x512.jpg 768w, https:\/\/globalpacta.com\/wp-content\/uploads\/2019\/12\/IRPF-800x533.jpg 800w, https:\/\/globalpacta.com\/wp-content\/uploads\/2019\/12\/IRPF-1024x683.jpg 1024w, https:\/\/globalpacta.com\/wp-content\/uploads\/2019\/12\/IRPF-1200x800.jpg 1200w, https:\/\/globalpacta.com\/wp-content\/uploads\/2019\/12\/IRPF.jpg 1500w\" sizes=\"(max-width: 1500px) 100vw, 1500px\" \/><\/p>\n<\/div><div class=\"fusion-clearfix\"><\/div><\/div><\/div><\/div><\/div><div class=\"fusion-fullwidth fullwidth-box fusion-builder-row-2 nonhundred-percent-fullwidth non-hundred-percent-height-scrolling\" style=\"--awb-border-radius-top-left:0px;--awb-border-radius-top-right:0px;--awb-border-radius-bottom-right:0px;--awb-border-radius-bottom-left:0px;--awb-flex-wrap:wrap;\" ><div class=\"fusion-builder-row fusion-row\"><div class=\"fusion-layout-column fusion_builder_column fusion-builder-column-1 fusion_builder_column_1_1 1_1 fusion-one-full fusion-column-first fusion-column-last\" style=\"--awb-bg-size:cover;--awb-margin-bottom:0px;\"><div class=\"fusion-column-wrapper fusion-flex-column-wrapper-legacy\"><div class=\"fusion-text fusion-text-2\"><p>Ante la proximidad del cierre del ejercicio fiscal de <strong><u>2019<\/u><\/strong> nos permitimos recordarles algunas de las acciones que puede realizar para <strong><u>rebajar su liquidaci\u00f3n del IRPF<\/u><\/strong>:<\/p>\n<p>&nbsp;<\/p>\n<ul>\n<li><u>Las aportaciones a los planes de pensiones<\/u>, a los planes de previsi\u00f3n social empresarial, a los planes de previsi\u00f3n asegurados, a las mutualidades de previsi\u00f3n social y, a las primas satisfechas a seguros privados que cubran exclusivamente el riesgo de dependencia severa o gran dependencia reducen directamente la base imponible, con <strong>el l\u00edmite m\u00e1ximo conjunto<\/strong> deducible de la menor de las siguientes cantidades<strong>: 8.000 \u20ac anuales<\/strong> o el 30% de la suma de los rendimientos netos del trabajo y de actividades econ\u00f3micas percibidos individualmente en el ejercicio, independientemente de la edad.<\/li>\n<\/ul>\n<p>&nbsp;<\/p>\n<ul>\n<li><u>Las aportaciones<\/u> realizadas a los sistemas de <u>previsi\u00f3n social del c\u00f3nyuge<\/u>, cuando dicho c\u00f3nyuge no obtenga rendimientos netos del trabajo ni de actividades econ\u00f3micas o los obtenga en cuant\u00eda inferior a 8.000 euros anuales, reducen la base imponible con el l\u00edmite <strong>m\u00e1ximo de 2.500 euros anuales<\/strong>.<\/li>\n<\/ul>\n<p>&nbsp;<\/p>\n<ul>\n<li><u>La amortizaci\u00f3n anticipada de la hipoteca<\/u> o pr\u00e9stamo destinado a la adquisici\u00f3n de la vivienda habitual tambi\u00e9n es deducible con limitaciones <strong>si se tiene derecho a la deducci\u00f3n por inversi\u00f3n en vivienda habitual. <\/strong><\/li>\n<\/ul>\n<p>&nbsp;<\/p>\n<ul>\n<li><u>Los contribuyentes mayores de 65 a\u00f1os podr\u00e1n<\/u> excluir de gravamen las ganancias patrimoniales que se pongan de manifiesto con ocasi\u00f3n de la transmisi\u00f3n de elementos patrimoniales (no necesariamente inmuebles), <u>siempre que<\/u> el importe (total o parcial) obtenido por la transmisi\u00f3n se destine en el plazo de seis meses a <strong>constituir una renta vitalicia<\/strong> asegurada a su favor, con el l\u00edmite de 240.000 \u20ac.<\/li>\n<\/ul>\n<p>&nbsp;<\/p>\n<ul>\n<li>Si es propietario y tiene <u>previsto alquilar un piso<\/u>, recuerde que si se utiliza como vivienda, y no como oficina, tendr\u00e1 derecho a una reducci\u00f3n del rendimiento neto obtenido del <strong>60%.<\/strong><\/li>\n<\/ul>\n<p>&nbsp;<\/p>\n<ul>\n<li>La ley tambi\u00e9n prev\u00e9 deducciones por <u>donativos<\/u> y otras aportaciones a las entidades sin fines lucrativos, como ONG, fundaciones, asociaciones declaradas de utilizada p\u00fablica.<\/li>\n<\/ul>\n<p>&nbsp;<\/p>\n<ul>\n<li>Con la <u>deducci\u00f3n por inversi\u00f3n en empresas de nueva o reciente creaci\u00f3n,<\/u> los contribuyentes pueden deducirse el 30% de las cantidades satisfechas por la suscripci\u00f3n de acciones o participaciones en estas empresas cuando se cumplan determinados requisitos y condiciones, y la base m\u00e1xima de deducci\u00f3n es de 60.000 \u20ac anuales.<\/li>\n<\/ul>\n<p>&nbsp;<\/p>\n<p>&nbsp;<\/p>\n<\/div><div class=\"fusion-clearfix\"><\/div><\/div><\/div><\/div><\/div><\/p>\n","protected":false},"excerpt":{"rendered":"","protected":false},"author":7,"featured_media":14019,"comment_status":"open","ping_status":"open","sticky":false,"template":"","format":"standard","meta":{"_exactmetrics_skip_tracking":false,"_exactmetrics_sitenote_active":false,"_exactmetrics_sitenote_note":"","_exactmetrics_sitenote_category":0,"footnotes":""},"categories":[164],"tags":[],"_links":{"self":[{"href":"https:\/\/globalpacta.com\/ca\/wp-json\/wp\/v2\/posts\/14010"}],"collection":[{"href":"https:\/\/globalpacta.com\/ca\/wp-json\/wp\/v2\/posts"}],"about":[{"href":"https:\/\/globalpacta.com\/ca\/wp-json\/wp\/v2\/types\/post"}],"author":[{"embeddable":true,"href":"https:\/\/globalpacta.com\/ca\/wp-json\/wp\/v2\/users\/7"}],"replies":[{"embeddable":true,"href":"https:\/\/globalpacta.com\/ca\/wp-json\/wp\/v2\/comments?post=14010"}],"version-history":[{"count":1,"href":"https:\/\/globalpacta.com\/ca\/wp-json\/wp\/v2\/posts\/14010\/revisions"}],"predecessor-version":[{"id":14027,"href":"https:\/\/globalpacta.com\/ca\/wp-json\/wp\/v2\/posts\/14010\/revisions\/14027"}],"wp:featuredmedia":[{"embeddable":true,"href":"https:\/\/globalpacta.com\/ca\/wp-json\/wp\/v2\/media\/14019"}],"wp:attachment":[{"href":"https:\/\/globalpacta.com\/ca\/wp-json\/wp\/v2\/media?parent=14010"}],"wp:term":[{"taxonomy":"category","embeddable":true,"href":"https:\/\/globalpacta.com\/ca\/wp-json\/wp\/v2\/categories?post=14010"},{"taxonomy":"post_tag","embeddable":true,"href":"https:\/\/globalpacta.com\/ca\/wp-json\/wp\/v2\/tags?post=14010"}],"curies":[{"name":"wp","href":"https:\/\/api.w.org\/{rel}","templated":true}]}}