{"id":18478,"date":"2022-02-01T13:48:07","date_gmt":"2022-02-01T13:48:07","guid":{"rendered":"https:\/\/globalpacta.com\/?p=18478"},"modified":"2022-03-13T19:59:59","modified_gmt":"2022-03-13T19:59:59","slug":"qui-diu-que-les-pimes-no-necessiten-persones-de-recursos-humans-que-pensin-de-manera-estrategica","status":"publish","type":"post","link":"https:\/\/globalpacta.com\/ca\/qui-diu-que-les-pimes-no-necessiten-persones-de-recursos-humans-que-pensin-de-manera-estrategica\/","title":{"rendered":"Qui diu que les PIMES no necessiten persones de Recursos Humans que pensin de manera estrat\u00e8gica?"},"content":{"rendered":"<p><div class=\"fusion-fullwidth fullwidth-box fusion-builder-row-1 nonhundred-percent-fullwidth non-hundred-percent-height-scrolling\" style=\"--awb-border-radius-top-left:0px;--awb-border-radius-top-right:0px;--awb-border-radius-bottom-right:0px;--awb-border-radius-bottom-left:0px;--awb-flex-wrap:wrap;\" ><div class=\"fusion-builder-row fusion-row\"><div class=\"fusion-layout-column fusion_builder_column fusion-builder-column-0 fusion_builder_column_1_1 1_1 fusion-one-full fusion-column-first fusion-column-last\" style=\"--awb-bg-size:cover;--awb-margin-bottom:0px;\"><div class=\"fusion-column-wrapper fusion-flex-column-wrapper-legacy\"><div class=\"fusion-text fusion-text-1\"><\/div><div class=\"fusion-text fusion-text-2\"><p><img decoding=\"async\" class=\"alignnone wp-image-18516 size-full\" src=\"https:\/\/globalpacta.com\/wp-content\/uploads\/2022\/02\/articulo-talent-management-cat-int-1.jpg\" alt=\"\" width=\"1500\" height=\"450\" srcset=\"https:\/\/globalpacta.com\/wp-content\/uploads\/2022\/02\/articulo-talent-management-cat-int-1-200x60.jpg 200w, https:\/\/globalpacta.com\/wp-content\/uploads\/2022\/02\/articulo-talent-management-cat-int-1-300x90.jpg 300w, https:\/\/globalpacta.com\/wp-content\/uploads\/2022\/02\/articulo-talent-management-cat-int-1-400x120.jpg 400w, https:\/\/globalpacta.com\/wp-content\/uploads\/2022\/02\/articulo-talent-management-cat-int-1-600x180.jpg 600w, https:\/\/globalpacta.com\/wp-content\/uploads\/2022\/02\/articulo-talent-management-cat-int-1-768x230.jpg 768w, https:\/\/globalpacta.com\/wp-content\/uploads\/2022\/02\/articulo-talent-management-cat-int-1-800x240.jpg 800w, https:\/\/globalpacta.com\/wp-content\/uploads\/2022\/02\/articulo-talent-management-cat-int-1-1024x307.jpg 1024w, https:\/\/globalpacta.com\/wp-content\/uploads\/2022\/02\/articulo-talent-management-cat-int-1-1200x360.jpg 1200w, https:\/\/globalpacta.com\/wp-content\/uploads\/2022\/02\/articulo-talent-management-cat-int-1.jpg 1500w\" sizes=\"(max-width: 1500px) 100vw, 1500px\" \/><\/p>\n<\/div><div class=\"fusion-clearfix\"><\/div><\/div><\/div><\/div><\/div><div class=\"fusion-fullwidth fullwidth-box fusion-builder-row-2 nonhundred-percent-fullwidth non-hundred-percent-height-scrolling\" style=\"--awb-border-radius-top-left:0px;--awb-border-radius-top-right:0px;--awb-border-radius-bottom-right:0px;--awb-border-radius-bottom-left:0px;--awb-flex-wrap:wrap;\" ><div class=\"fusion-builder-row fusion-row\"><div class=\"fusion-layout-column fusion_builder_column fusion-builder-column-1 fusion_builder_column_1_1 1_1 fusion-one-full fusion-column-first fusion-column-last\" style=\"--awb-bg-size:cover;--awb-margin-bottom:0px;\"><div class=\"fusion-column-wrapper fusion-flex-column-wrapper-legacy\"><div class=\"fusion-text fusion-text-3\"><p>Generalment trobem perfils estrat\u00e8gics de gesti\u00f3 de Recursos Humans (RRHH) a les grans empreses. S\u00f3n rols que acompanyen la Direcci\u00f3 per implementar el Pla de Negoci o Business Plan, definint l&#8217;organitzaci\u00f3, alineant les pr\u00e0ctiques de RRHH amb l&#8217;estrat\u00e8gia de l&#8217;empresa: implementant projectes de recursos humans relacionats amb pol\u00edtiques, processos i eines de RRHH, definint programes d&#8217;identificaci\u00f3, valoraci\u00f3, formaci\u00f3 i desenvolupament del Talent perqu\u00e8 l&#8217;organitzaci\u00f3 compti amb els perfils adequats a cada moment. Per fer-ho cal entendre b\u00e9 l&#8217;estrat\u00e8gia i per aix\u00f2 les persones que ocupen aquests rols de RRHH pensen estrat\u00e8gicament, coneixen i entenen el business, perqu\u00e8 la seva missi\u00f3 \u00e9s la d&#8217;un partner que impulsa la realitzaci\u00f3 del Pla de Negoci.<\/p>\n<h2>Per\u00f2, per qu\u00e8 aquest tipus de perfils no es consideren necessaris a les start-ups o a les PIMES?<\/h2>\n<p>Per un moment, imaginem que tenim una petita empresa de nom ILIXIA, de 20 persones, que t\u00e9 una estrat\u00e8gia de creixement a 3 anys amb l&#8217;objectiu de passar de 3 a 10 milions d&#8217;euros de facturaci\u00f3 mitjan\u00e7ant el desenvolupament del negoci al mercat internacional i obrint-se al canal de l&#8217;e-commerce. La direcci\u00f3 de l&#8217;empresa, molt probablement, no tindr\u00e0 una figura de RRHH amb una visi\u00f3 estrat\u00e8gica com a tal, \u00fanicament la gesti\u00f3 t\u00edpica de personal per a les funcions administratives de recursos humans i molt probablement, exercit per una gestoria externa que s&#8217;encarrega de les contractacions , n\u00f2mines, rescissions de contracte de treball, pagament de cotitzacions, etc&#8230;<\/p>\n<p>Aquesta empresa t\u00e9 un objectiu de negoci molt concret i necessita definir l&#8217;organitzaci\u00f3, els processos, les eines i identificar els perfils que permetran que aquest creixement es pugui implementar\u2026 per\u00f2 ning\u00fa se n&#8217;encarrega. Quina contradicci\u00f3, no?<\/p>\n<p>\u00c9s un moment clau per a aquesta empresa: la direcci\u00f3 t\u00e9 la visi\u00f3 del que vol que passi, per\u00f2 cal definir com es far\u00e0 i determinar el full de ruta i les etapes que li permetran arribar a aquest resultat. \u00c9s el moment en qu\u00e8 cal invertir en una reflexi\u00f3 interna profunda sobre els recursos existents, valorar el potencial de cada persona, la flexibilitat davant el canvi i la capacitat per tenir un alt rendiment en una organitzaci\u00f3 en evoluci\u00f3 permanent. Les pr\u00e0ctiques (per no parlar de pol\u00edtiques) de RRHH han d&#8217;acompanyar i donar suport a l&#8217;estrat\u00e8gia: selecci\u00f3 del nostre personal, definici\u00f3 de perfils de llocs, pol\u00edtiques de retribuci\u00f3, valoracions d&#8217;acompliment, identificaci\u00f3, atracci\u00f3 i retenci\u00f3 de talent&#8230;<\/p>\n<p>Per tot aix\u00f2, ILIXIA, que no \u00e9s una gran empresa sin\u00f3 una PIME, necessita un rol a RRHH que parli l&#8217;idioma del negoci, per\u00f2 tamb\u00e9 que disposi del bagatge i la visi\u00f3 de Recursos Humans. Aix\u00f2 permetr\u00e0 posar en marxa el cicle de gesti\u00f3 estrat\u00e8gica de RRHH basat en les etapes seg\u00fcents:<\/p>\n<ul>\n<li>Valoraci\u00f3 de l&#8217;Organitzaci\u00f3 (Organizational Assessment)<\/li>\n<li>Valoraci\u00f3 de les Persones i el Talent (People Assessment)<\/li>\n<li>Definici\u00f3 dels canvis organitzatius per etapes (Organizational Development): organigrames i perfils<\/li>\n<li>Acompanyar en el canvi (Make It Happen): mobilitats internes, reclutaments externs, sortides eventuals, reunions internes, definici\u00f3 de projectes, gesti\u00f3 per processos, implementaci\u00f3 d&#8217;eines\u2026<\/li>\n<li>Acompanyar en el canvi i donar suport al creixement de la direcci\u00f3 (Change Management): formaci\u00f3 i desenvolupament, comunicaci\u00f3\u2026<\/li>\n<\/ul>\n<p><img decoding=\"async\" class=\"size-full wp-image-18500 aligncenter\" src=\"https:\/\/globalpacta.com\/wp-content\/uploads\/2022\/02\/management.png\" alt=\"\" width=\"702\" height=\"527\" srcset=\"https:\/\/globalpacta.com\/wp-content\/uploads\/2022\/02\/management-200x150.png 200w, https:\/\/globalpacta.com\/wp-content\/uploads\/2022\/02\/management-300x225.png 300w, https:\/\/globalpacta.com\/wp-content\/uploads\/2022\/02\/management-400x300.png 400w, https:\/\/globalpacta.com\/wp-content\/uploads\/2022\/02\/management-600x450.png 600w, https:\/\/globalpacta.com\/wp-content\/uploads\/2022\/02\/management.png 702w\" sizes=\"(max-width: 702px) 100vw, 702px\" \/><\/p>\n<p>i\u2026 implementar el cicle una vegada m\u00e9s des de la perspectiva de la millora cont\u00ednua.<\/p>\n<p>Aquests rols estrat\u00e8gics de RRHH, els partners de negoci, poden ser vistos per les PIMES com un luxe que no es poden permetre i per aix\u00f2 se&#8217;ls arriba a definir com a innecessaris.<\/p>\n<p>Tanmateix, \u00e9s tot el contrari! Els canvis els fan les persones i no les eines ni els programes: s\u00f3n la Laura, el Marc, el Jos\u00e9, el Juan, l&#8217;Albert, la Montse, la Maria, el Philippe, la Catherine\u2026 i si no estan degudament orientats i capacitats per fer-ho, no ho faran.<\/p>\n<h2><strong>I aleshores, qu\u00e8 cal fer?<\/strong><\/h2>\n<ul>\n<li>Comen\u00e7ar per assumir que les persones s\u00f3n el m\u00e9s important que tenim a l&#8217;empresa, que sense elles no ser\u00e0 possible el canvi ni la consecuci\u00f3 d&#8217;objectius ambiciosos.<\/li>\n<li>Donar suport a un expert de RRHH amb experi\u00e8ncia en Direcci\u00f3 Estrat\u00e8gica de RRHH i Business Partner. Un recurs especialitzat que ajudar\u00e0 i dedicar\u00e0 el temps necessari per implementar les accions de transformaci\u00f3 a l&#8217;empresa.<\/li>\n<li>Modular aquesta intervenci\u00f3 segons les necessitats, segons el moment del proc\u00e9s de canvi en e que ens trobem.<\/li>\n<\/ul>\n<p>Explica&#8217;ns els teus reptes i parlem de com et podem donar suport des del <a href=\"mailto: talentum@globalpacta.com\">departament de recursos humans de globalpacta<\/a>.<\/p>\n<\/div><div class=\"fusion-clearfix\"><\/div><\/div><\/div><\/div><\/div><\/p>\n","protected":false},"excerpt":{"rendered":"","protected":false},"author":3,"featured_media":18539,"comment_status":"open","ping_status":"closed","sticky":false,"template":"","format":"standard","meta":{"_exactmetrics_skip_tracking":false,"_exactmetrics_sitenote_active":false,"_exactmetrics_sitenote_note":"","_exactmetrics_sitenote_category":0,"footnotes":""},"categories":[966,1224,980],"tags":[],"_links":{"self":[{"href":"https:\/\/globalpacta.com\/ca\/wp-json\/wp\/v2\/posts\/18478"}],"collection":[{"href":"https:\/\/globalpacta.com\/ca\/wp-json\/wp\/v2\/posts"}],"about":[{"href":"https:\/\/globalpacta.com\/ca\/wp-json\/wp\/v2\/types\/post"}],"author":[{"embeddable":true,"href":"https:\/\/globalpacta.com\/ca\/wp-json\/wp\/v2\/users\/3"}],"replies":[{"embeddable":true,"href":"https:\/\/globalpacta.com\/ca\/wp-json\/wp\/v2\/comments?post=18478"}],"version-history":[{"count":6,"href":"https:\/\/globalpacta.com\/ca\/wp-json\/wp\/v2\/posts\/18478\/revisions"}],"predecessor-version":[{"id":18533,"href":"https:\/\/globalpacta.com\/ca\/wp-json\/wp\/v2\/posts\/18478\/revisions\/18533"}],"wp:featuredmedia":[{"embeddable":true,"href":"https:\/\/globalpacta.com\/ca\/wp-json\/wp\/v2\/media\/18539"}],"wp:attachment":[{"href":"https:\/\/globalpacta.com\/ca\/wp-json\/wp\/v2\/media?parent=18478"}],"wp:term":[{"taxonomy":"category","embeddable":true,"href":"https:\/\/globalpacta.com\/ca\/wp-json\/wp\/v2\/categories?post=18478"},{"taxonomy":"post_tag","embeddable":true,"href":"https:\/\/globalpacta.com\/ca\/wp-json\/wp\/v2\/tags?post=18478"}],"curies":[{"name":"wp","href":"https:\/\/api.w.org\/{rel}","templated":true}]}}