{"id":19037,"date":"2022-07-22T07:32:35","date_gmt":"2022-07-22T07:32:35","guid":{"rendered":"https:\/\/globalpacta.com\/?p=19037"},"modified":"2022-08-03T11:33:40","modified_gmt":"2022-08-03T11:33:40","slug":"garanties-en-la-compravenda-dhabitatges-dobra-nova-sobre-planol-2","status":"publish","type":"post","link":"https:\/\/globalpacta.com\/ca\/garanties-en-la-compravenda-dhabitatges-dobra-nova-sobre-planol-2\/","title":{"rendered":"Els pactes d&#8217;acompanyament (Cl\u00e0usules tag along)"},"content":{"rendered":"<p><div class=\"fusion-fullwidth fullwidth-box fusion-builder-row-1 nonhundred-percent-fullwidth non-hundred-percent-height-scrolling\" style=\"--awb-border-radius-top-left:0px;--awb-border-radius-top-right:0px;--awb-border-radius-bottom-right:0px;--awb-border-radius-bottom-left:0px;--awb-flex-wrap:wrap;\" ><div class=\"fusion-builder-row fusion-row\"><div class=\"fusion-layout-column fusion_builder_column fusion-builder-column-0 fusion_builder_column_1_1 1_1 fusion-one-full fusion-column-first fusion-column-last\" style=\"--awb-bg-size:cover;--awb-margin-bottom:0px;\"><div class=\"fusion-column-wrapper fusion-flex-column-wrapper-legacy\"><div class=\"fusion-text fusion-text-1\"><\/div><div class=\"fusion-text fusion-text-2\"><p><img decoding=\"async\" class=\"alignnone wp-image-19030 size-full\" src=\"https:\/\/globalpacta.com\/wp-content\/uploads\/2022\/07\/Tag-Along.jpg\" alt=\"\" width=\"1500\" height=\"1000\" srcset=\"https:\/\/globalpacta.com\/wp-content\/uploads\/2022\/07\/Tag-Along-200x133.jpg 200w, https:\/\/globalpacta.com\/wp-content\/uploads\/2022\/07\/Tag-Along-300x200.jpg 300w, https:\/\/globalpacta.com\/wp-content\/uploads\/2022\/07\/Tag-Along-400x267.jpg 400w, https:\/\/globalpacta.com\/wp-content\/uploads\/2022\/07\/Tag-Along-600x400.jpg 600w, https:\/\/globalpacta.com\/wp-content\/uploads\/2022\/07\/Tag-Along-768x512.jpg 768w, https:\/\/globalpacta.com\/wp-content\/uploads\/2022\/07\/Tag-Along-800x533.jpg 800w, https:\/\/globalpacta.com\/wp-content\/uploads\/2022\/07\/Tag-Along-1024x683.jpg 1024w, https:\/\/globalpacta.com\/wp-content\/uploads\/2022\/07\/Tag-Along-1200x800.jpg 1200w, https:\/\/globalpacta.com\/wp-content\/uploads\/2022\/07\/Tag-Along.jpg 1500w\" sizes=\"(max-width: 1500px) 100vw, 1500px\" \/><\/p>\n<\/div><div class=\"fusion-clearfix\"><\/div><\/div><\/div><\/div><\/div><div class=\"fusion-fullwidth fullwidth-box fusion-builder-row-2 nonhundred-percent-fullwidth non-hundred-percent-height-scrolling\" style=\"--awb-border-radius-top-left:0px;--awb-border-radius-top-right:0px;--awb-border-radius-bottom-right:0px;--awb-border-radius-bottom-left:0px;--awb-flex-wrap:wrap;\" ><div class=\"fusion-builder-row fusion-row\"><div class=\"fusion-layout-column fusion_builder_column fusion-builder-column-1 fusion_builder_column_1_1 1_1 fusion-one-full fusion-column-first fusion-column-last\" style=\"--awb-bg-size:cover;--awb-margin-bottom:0px;\"><div class=\"fusion-column-wrapper fusion-flex-column-wrapper-legacy\"><div class=\"fusion-text fusion-text-3\"><p style=\"text-align: center;\"><strong>Soci majoritari vs. Soci minoritari<\/strong><\/p>\n<p style=\"text-align: center;\"><strong><u>ELS PACTES D&#8217;ACOMPANYAMENT (Cl\u00e0usules tag along)<\/u><\/strong><\/p>\n<p style=\"text-align: center;\"><strong>Quins drets pot tenir el soci minoritari enfront del majoritari en una venda d&#8217;accions o participacions?<\/strong><\/p>\n<p>En la nostra actualitat \u00e9s cada vegada m\u00e9s freq\u00fcent presenciar fusions i adquisicions entre les empreses, en les quals cobren import\u00e0ncia els drets que ostenten els accionistes (ja siguin minoritaris o majoritaris) a l&#8217;hora de celebrar una venda, alian\u00e7a o fusi\u00f3 amb una altra organitzaci\u00f3.<\/p>\n<p>Existeixen determinats mecanismes de protecci\u00f3 dirigits tant a les majories com a les minories de les societats. Els drets espec\u00edfics dels socis i\/o accionistes que s\u00f3n considerats minoritaris poden ser protegits per un mecanisme denominat \u201c<strong>tag along<\/strong>\u201d o \u201c<strong>dret d&#8217;acompanyament<\/strong>\u201d; mentre que el mecanisme \u201c<strong>drag along<\/strong>\u201d o \u201c<strong>dret d&#8217;arrossegament<\/strong>\u201d t\u00e9 com a objectiu donar un alt grau de seguretat als accionistes majoritaris.<\/p>\n<p>El present article t\u00e9 com a objectiu descriure les cl\u00e0usules que reben el nom de \u201c<strong>tag along<\/strong>\u201d (\u201c<strong>dret d&#8217;acompanyament<\/strong>\u201d) i que s\u00f3n utilitzades quan sorgeix l&#8217;<u>opci\u00f3<\/u> d&#8217;adquisici\u00f3 i\/o alienaci\u00f3 de la participaci\u00f3 accionarial del soci minoritari perqu\u00e8 algun soci o accionista majoritari decideix alienar la seva participaci\u00f3.<\/p>\n<p>Per conseg\u00fcent, els minoritaris, que no han participat en la negociaci\u00f3 de venda dels majoritaris, participen en la venda si aix\u00ed ho desitgen, depenent d&#8217;aquells que es consumeix o no l&#8217;operaci\u00f3.<\/p>\n<p>Arran d&#8217;aquesta situaci\u00f3, el soci o accionista minoritari <u>pot adherir-se<\/u> i vendre el seu paquet minoritari en les mateixes condicions i al mateix preu ofert al majoritari, responent aquest de les conseq\u00fc\u00e8ncies perjudicials en cas contrari.<\/p>\n<p>Aix\u00ed mateix, el soci o accionista majoritari ha d&#8217;informar als socis o accionistes minoritaris de l&#8217;exist\u00e8ncia del comprador i de les condicions de l&#8217;operaci\u00f3; aix\u00ed li ofereix l&#8217;oportunitat de decidir si transmet la seva participaci\u00f3.<\/p>\n<p>Sense aquesta mena de cl\u00e0usules, la minoria queda desprotegida davant una possible compra d&#8217;accions per part d&#8217;un tercer, pel fet que no es duria a terme sota les mateixes condicions que ostenta el majoritari en la negociaci\u00f3.<\/p>\n<p>En concret, la inclusi\u00f3 d&#8217;aquesta cl\u00e0usula proporciona (<strong>i<\/strong>) la desvinculaci\u00f3 del minoritari amb la societat en el cas de l&#8217;entrada d&#8217;un nou soci diferent a l&#8217;originari i (<strong>ii<\/strong>) un dret de sortida de la societat en les mateixes condicions i al mateix preu que l&#8217;ofert al soci o accionista majoritari.<\/p>\n<p>Les cl\u00e0usules <strong>tag along<\/strong> poden preveure&#8217;s en els estatuts, en un <strong>pacte parasocial<\/strong>, o b\u00e9, en un protocol de socis o accionistes. Els efectes i les conseq\u00fc\u00e8ncies de la infracci\u00f3 d&#8217;aquestes cl\u00e0usules s\u00f3n diferents en funci\u00f3 de si estan o no incloses en els estatuts.<\/p>\n<p>Encara que persisteix la tend\u00e8ncia a considerar que la cessi\u00f3 del control d&#8217;una societat no requereix d&#8217;una regulaci\u00f3 societ\u00e0ria especial, aquests tipus de normes es van obrint pas tenint en compte la seva utilitat.<\/p>\n<p>Es percep que en un futur amb l&#8217;evoluci\u00f3 de les societats mercantils ser\u00e0 necessari implementar models m\u00e9s espec\u00edfics i adequats, els quals s&#8217;adaptin a les necessitats i fomentin la \u201cequitat\u201d jur\u00eddica entre les majories i minories.<\/p>\n<\/div><div class=\"fusion-clearfix\"><\/div><\/div><\/div><\/div><\/div><\/p>\n","protected":false},"excerpt":{"rendered":"","protected":false},"author":3,"featured_media":19031,"comment_status":"open","ping_status":"open","sticky":false,"template":"","format":"standard","meta":{"_exactmetrics_skip_tracking":false,"_exactmetrics_sitenote_active":false,"_exactmetrics_sitenote_note":"","_exactmetrics_sitenote_category":0,"footnotes":""},"categories":[165,1240],"tags":[],"_links":{"self":[{"href":"https:\/\/globalpacta.com\/ca\/wp-json\/wp\/v2\/posts\/19037"}],"collection":[{"href":"https:\/\/globalpacta.com\/ca\/wp-json\/wp\/v2\/posts"}],"about":[{"href":"https:\/\/globalpacta.com\/ca\/wp-json\/wp\/v2\/types\/post"}],"author":[{"embeddable":true,"href":"https:\/\/globalpacta.com\/ca\/wp-json\/wp\/v2\/users\/3"}],"replies":[{"embeddable":true,"href":"https:\/\/globalpacta.com\/ca\/wp-json\/wp\/v2\/comments?post=19037"}],"version-history":[{"count":7,"href":"https:\/\/globalpacta.com\/ca\/wp-json\/wp\/v2\/posts\/19037\/revisions"}],"predecessor-version":[{"id":19061,"href":"https:\/\/globalpacta.com\/ca\/wp-json\/wp\/v2\/posts\/19037\/revisions\/19061"}],"wp:featuredmedia":[{"embeddable":true,"href":"https:\/\/globalpacta.com\/ca\/wp-json\/wp\/v2\/media\/19031"}],"wp:attachment":[{"href":"https:\/\/globalpacta.com\/ca\/wp-json\/wp\/v2\/media?parent=19037"}],"wp:term":[{"taxonomy":"category","embeddable":true,"href":"https:\/\/globalpacta.com\/ca\/wp-json\/wp\/v2\/categories?post=19037"},{"taxonomy":"post_tag","embeddable":true,"href":"https:\/\/globalpacta.com\/ca\/wp-json\/wp\/v2\/tags?post=19037"}],"curies":[{"name":"wp","href":"https:\/\/api.w.org\/{rel}","templated":true}]}}