{"id":20019,"date":"2023-05-15T10:56:15","date_gmt":"2023-05-15T10:56:15","guid":{"rendered":"https:\/\/globalpacta.com\/?p=20019"},"modified":"2024-02-08T15:06:14","modified_gmt":"2024-02-08T15:06:14","slug":"les-herencies-entre-germans-a-catalunya","status":"publish","type":"post","link":"https:\/\/globalpacta.com\/ca\/les-herencies-entre-germans-a-catalunya\/","title":{"rendered":"Les her\u00e8ncies entre germans a Catalunya."},"content":{"rendered":"<p><div class=\"fusion-fullwidth fullwidth-box fusion-builder-row-1 nonhundred-percent-fullwidth non-hundred-percent-height-scrolling\" style=\"--awb-border-radius-top-left:0px;--awb-border-radius-top-right:0px;--awb-border-radius-bottom-right:0px;--awb-border-radius-bottom-left:0px;--awb-flex-wrap:wrap;\" ><div class=\"fusion-builder-row fusion-row\"><div class=\"fusion-layout-column fusion_builder_column fusion-builder-column-0 fusion_builder_column_1_1 1_1 fusion-one-full fusion-column-first fusion-column-last\" style=\"--awb-bg-size:cover;--awb-margin-bottom:0px;\"><div class=\"fusion-column-wrapper fusion-flex-column-wrapper-legacy\"><div class=\"fusion-text fusion-text-1\"><\/div><div class=\"fusion-text fusion-text-2\"><p><img decoding=\"async\" class=\"aligncenter wp-image-20022 size-full\" src=\"https:\/\/globalpacta.com\/wp-content\/uploads\/2023\/05\/herencia-hermanos.jpg\" alt=\"\" width=\"1024\" height=\"683\" srcset=\"https:\/\/globalpacta.com\/wp-content\/uploads\/2023\/05\/herencia-hermanos-200x133.jpg 200w, https:\/\/globalpacta.com\/wp-content\/uploads\/2023\/05\/herencia-hermanos-300x200.jpg 300w, https:\/\/globalpacta.com\/wp-content\/uploads\/2023\/05\/herencia-hermanos-400x267.jpg 400w, https:\/\/globalpacta.com\/wp-content\/uploads\/2023\/05\/herencia-hermanos-600x400.jpg 600w, https:\/\/globalpacta.com\/wp-content\/uploads\/2023\/05\/herencia-hermanos-768x512.jpg 768w, https:\/\/globalpacta.com\/wp-content\/uploads\/2023\/05\/herencia-hermanos-800x534.jpg 800w, https:\/\/globalpacta.com\/wp-content\/uploads\/2023\/05\/herencia-hermanos.jpg 1024w\" sizes=\"(max-width: 1024px) 100vw, 1024px\" \/><\/p>\n<\/div><div class=\"fusion-clearfix\"><\/div><\/div><\/div><\/div><\/div><div class=\"fusion-fullwidth fullwidth-box fusion-builder-row-2 nonhundred-percent-fullwidth non-hundred-percent-height-scrolling\" style=\"--awb-border-radius-top-left:0px;--awb-border-radius-top-right:0px;--awb-border-radius-bottom-right:0px;--awb-border-radius-bottom-left:0px;--awb-flex-wrap:wrap;\" ><div class=\"fusion-builder-row fusion-row\"><div class=\"fusion-layout-column fusion_builder_column fusion-builder-column-1 fusion_builder_column_1_1 1_1 fusion-one-full fusion-column-first fusion-column-last\" style=\"--awb-bg-size:cover;--awb-margin-bottom:0px;\"><div class=\"fusion-column-wrapper fusion-flex-column-wrapper-legacy\"><div class=\"fusion-sep-clear\"><\/div><div class=\"fusion-separator fusion-full-width-sep\" style=\"margin-left: auto;margin-right: auto;margin-top:10px;width:100%;\"><\/div><div class=\"fusion-sep-clear\"><\/div><div class=\"fusion-text fusion-text-3\"><p>Dels diferents t\u00edtols successoris que existeixen (per exemple, els llegats, les donacions per causa de mort, <a href=\"https:\/\/globalpacta.com\/ca\/en-que-consisteixen-els-pactes-successoris-i-quins-avantatges-aporten\/\">els pactes successoris<\/a> ) un dels m\u00e9s comuns \u00e9s el de l\u2019her\u00e8ncia.<\/p>\n<p>Aix\u00ed com en un article anterior vam analitzar els <a href=\"https:\/\/globalpacta.com\/ca\/les-donacions-entre-germans-a-catalunya\/\">requisits i implicacions fiscals de les donacions en vida entre germans a Catalunya<\/a>, en aquest ens centrarem en les seves her\u00e8ncies, \u00e9s a dir, en les que el causant hagi tingut la seva \u00faltima resid\u00e8ncia habitual a Catalunya.<\/p>\n<p>Aquestes her\u00e8ncies es regeixen per la Llei 10\/2008, de 10 de juliol, del llibre quart del Codi Civil de Catalunya, relatiu a les successions; per la Ley 29\/1987, de 18 de desembre, de l\u2019 Impost sobre Successions i Donacions; i per la Llei 19\/2010, de 7 de juny, de regulaci\u00f3 de l\u2019impost sobre successions i donacions.<\/p>\n<\/div><div class=\"fusion-text fusion-text-4\"><h2>Qu\u00e8 \u00e9s l\u2019her\u00e8ncia entre germans?<\/h2>\n<\/div><div class=\"fusion-text fusion-text-5\"><p>Quan una persona mor (causant) s\u2019obre la seva successi\u00f3. Pot passar que hagi atorgat testament (successi\u00f3 testada) o que no ho hagi fet (successi\u00f3 intestada).<\/p>\n<ul>\n<li>En el cas que en el testament nomeni hereu al seu germ\u00e0 (causahavent), si aquest accepta l\u2019her\u00e8ncia, adquirir\u00e0 els b\u00e9ns i drets del germ\u00e0 mort i se subrogar\u00e0 en totes les seves obligacions (en aquelles que no s\u2019extingeixin per causa de mort).<strong> <\/strong><\/li>\n<\/ul>\n<ul>\n<li>Si el causant no hagu\u00e9s atorgat testament, el seu germ\u00e0 nom\u00e9s ser\u00e0 hereu (si accepta l\u2019her\u00e8ncia) si el difunt no tingu\u00e9s altres hereus legals (descendents, c\u00f2njuge vidu o parella estable, ascendents).<\/li>\n<\/ul>\n<\/div><div class=\"fusion-text fusion-text-6\"><h2>La liquidaci\u00f3 de les her\u00e8ncies entre germans: beneficis fiscals.<\/h2>\n<\/div><div class=\"fusion-text fusion-text-7\"><h3>El pagament de l\u2019impost de donacions<\/h3>\n<\/div><div class=\"fusion-text fusion-text-8\"><p><strong>El germ\u00e0 (hereu) que adquireix els b\u00e9ns o drets<\/strong> del seu germ\u00e0 difunt <strong>\u00e9s qui haur\u00e0 de pagar<\/strong> l\u2019impost sobre successions i donacions (ISD).<\/p>\n<p>Per a fer-ho, haur\u00e0 de complimentar i presentar davant de la Generalitat els <strong>models 660 i 650<\/strong>, acompanyant el certificat de defunci\u00f3 del seu germ\u00e0, el certificat del Registre general d\u2019actes d\u2019\u00faltima voluntat i la c\u00f2pia autoritzada del testament o, en defecte d\u2019aquest, l\u2019acta de notorietat de declaraci\u00f3 d\u2019hereus intestats.<\/p>\n<\/div><div class=\"fusion-text fusion-text-9\"><h3>El termini per pagar l\u2019ISD<\/h3>\n<\/div><div class=\"fusion-text fusion-text-10\"><p>L\u2019hereu haur\u00e0 de presentar els models esmentats en el termini de <strong>6 mesos a comptar des del dia de la defunci\u00f3 del causant.<\/strong><\/p>\n<p><strong>Aquest termini pot<\/strong>:<\/p>\n<ol>\n<li><strong>Prorrogar-se, 6 mesos m\u00e9s<\/strong>, si dins dels 5 mesos posteriors a la defunci\u00f3, el contribuent sol\u00b7licita una pr\u00f2rroga.<\/li>\n<li><strong>Interrompre\u2019s<\/strong>, si acredita que hi ha un litigi relatiu als b\u00e9ns, drets o obligacions de l\u2019her\u00e8ncia.<\/li>\n<\/ol>\n<\/div><div class=\"fusion-text fusion-text-11\"><h3>La base imposable de l\u2019ISD<\/h3>\n<\/div><div class=\"fusion-text fusion-text-12\"><p>La base imposable de l\u2019impost vindr\u00e0 constitu\u00efda pel <strong>valor net d\u2019all\u00f2 que<\/strong> <strong>correspongui a l\u2019hereu, m\u00e9s els b\u00e9ns que s\u2019hagin d\u2019addicionar<\/strong>.<\/p>\n<p>Es considera que el valor dels b\u00e9ns i drets \u00e9s el seu <strong>valor de mercat<\/strong>, tret que el valor declarat sigui superior; en aquest cas, es tindr\u00e0 en compte aquest.<\/p>\n<p><strong>En el cas concret de b\u00e9ns immobles<\/strong>, s\u2019estar\u00e0 al <strong>valor de refer\u00e8ncia<\/strong>, i en el cas que aquest no existeixi, es tindr\u00e0 en compte el major entre el valor declarat per l\u2019interessat i el de mercat.<\/p>\n<p>Quant a les c\u00e0rregues, els <strong>deutes i les despeses, seran dedu\u00efbles<\/strong>:<\/p>\n<ul>\n<li>Els censos i les pensions.<\/li>\n<li>Els deutes del difunt que puguin acreditar-se, inclosos els tributaris i amb la Seguretat social.<\/li>\n<li>Les despeses d\u2019\u00faltima malaltia, sepeli i funeral i els derivats de litigi en inter\u00e8s com\u00fa dels hereus.<\/li>\n<\/ul>\n<\/div><div class=\"fusion-text fusion-text-13\"><h3>La base liquidable de l\u2019ISD: quines reduccions s\u2019apliquen al pagament de l\u2019ISD en cas d\u2019her\u00e8ncies entre germans?<\/h3>\n<\/div><div class=\"fusion-text fusion-text-14\"><p><strong>La base liquidable de l\u2019ISD resulta d\u2019aplicar a la base imposable<\/strong> alguna de les seg\u00fcents <strong>reduccions<\/strong>:<\/p>\n<ul>\n<li><strong>Reducci\u00f3 per parentiu.<\/strong><\/li>\n<\/ul>\n<p>El germ\u00e0 hereu podr\u00e0 aplicar una reducci\u00f3 en la base imposable de <strong>8.000 euros<\/strong>.<\/p>\n<ul>\n<li><strong>Reducci\u00f3 per discapacitat.<\/strong><\/li>\n<\/ul>\n<p>Si el germ\u00e0 causahavent acredita tenir la consideraci\u00f3 legal de persona discapacitada, de forma complement\u00e0ria a les altres reduccions, podr\u00e0 aplicar-se les seg\u00fcents:<\/p>\n<ul>\n<li>Si el grau de minusvalidesa \u00e9s <strong>igual o superior al 33%<\/strong>, de <strong>275.000 euros<\/strong>.<\/li>\n<li>Si el grau de minusvalidesa \u00e9s <strong>igual o superior al 65%<\/strong>, de <strong>650.000 euros<\/strong>.<\/li>\n<\/ul>\n<ul>\n<li><strong>Reducci\u00f3 per les assegurances contractades pel causant de les que sigui beneficiari el seu germ\u00e0 causahavent.<\/strong><\/li>\n<\/ul>\n<p>El germ\u00e0 hereu podr\u00e0 aplicar a la base imposable una <strong>reducci\u00f3 del 25% si la p\u00f2lissa va ser contractada<\/strong> <strong>abans del 19 de gener de 1987<\/strong>.<\/p>\n<p>Si es tracta de <strong>p\u00f2lisses per actes de terrorisme i missions internacionals<\/strong>, la reducci\u00f3 \u00e9s del <strong>100%<\/strong>.<\/p>\n<ul>\n<li><strong>Reducci\u00f3 per l\u2019adquisici\u00f3 de b\u00e9ns i drets afectats a una<\/strong> <strong>activitat econ\u00f2mica.<\/strong><\/li>\n<\/ul>\n<p>El germ\u00e0 causahavent podr\u00e0 aplicar una <strong>reducci\u00f3 del 95% del valor net dels elements patrimonials afectats<\/strong> a una activitat empresarial o professional del seu difunt germ\u00e0.<\/p>\n<p>Per poder gaudir d\u2019aquesta reducci\u00f3 el germ\u00e0 hereu <strong>haur\u00e0 de mantenir l\u2019exercici de l\u2019activitat empresarial o professional i en el seu patrimoni els b\u00e9ns heretats<\/strong> afectats a aquesta activitat, <strong>durant els 5 anys seg\u00fcents<\/strong> al dec\u00e9s del causant (tret que l\u2019adquirent mori abans).<\/p>\n<ul>\n<li><strong>Reducci\u00f3 per l\u2019adquisici\u00f3 de participacions en entitats (cotitzades o no).<\/strong><\/li>\n<\/ul>\n<p>Sempre que es donin determinats pressup\u00f2sits, el germ\u00e0 hereu podr\u00e0 aplicar a la base imposable una reducci\u00f3 del <strong>95% del valor de les participacions en entitats, per la part que correspongui per ra\u00f3 de la proporci\u00f3 entre els actius necessaris per a l\u2019exercici de l\u2019activitat empresarial o professional i el valor del patrimoni net de cada entitat.<\/strong>.<\/p>\n<p>La reducci\u00f3 ser\u00e0 del <strong>97%<\/strong> si es tracta d\u2019una <strong>societat laboral<\/strong>.<\/p>\n<p>Aix\u00ed mateix, per poder gaudir d\u2019aquesta reducci\u00f3, el germ\u00e0 hereu i <strong>haur\u00e0 de mantenir en el seu patrimoni els b\u00e9ns heretats, durant els 5 anys seg\u00fcents al dec\u00e9s del causant<\/strong> (tret que l\u2019adquirent mori abans).<\/p>\n<ul>\n<li><strong>Reducci\u00f3 per l\u2019adquisici\u00f3 de l\u2019habitatge habitual del difunt.<\/strong><\/li>\n<\/ul>\n<p>El germ\u00e0 hereu que adquireixi l\u2019habitatge habitual del seu germ\u00e0 podr\u00e0 aplicar una reducci\u00f3 del <strong>95% del valor d\u2019aquest habitatge, amb un l\u00edmit de 500.000 \u20ac pel conjunt de l\u2019habitatge<\/strong>. <\/p>\n<p>Ara b\u00e9, <strong>pe poder gaudir d\u2019aquesta reducci\u00f3, el germ\u00e0 hereu haur\u00e0 de ser major de 65 anys i haver conviscut amb el causant com a m\u00ednim els 2 anys anteriors a la defunci\u00f3<\/strong>.<\/p>\n<p>A m\u00e9s a m\u00e9s, <strong>haur\u00e0 de mantenir en el seu patrimoni l\u2019habitatge habitual heretat durant els<\/strong> <strong>5 anys seg\u00fcents a la defunci\u00f3 del seu germ\u00e0<\/strong> (tret que l\u2019adquirent mori abans).<\/p>\n<ul>\n<li><strong>Reducci\u00f3 per l\u2019adquisici\u00f3 de b\u00e9ns del patrimoni cultural i\/o natural.<\/strong><\/li>\n<\/ul>\n<p>El germ\u00e0 hereu que adquireixi: a) b\u00e9ns culturals d\u2019inter\u00e8s nacional i b\u00e9ns catalogats qualificats i inscrits, b) b\u00e9ns integrants del patrimoni hist\u00f2ric, c) obres pr\u00f2pies de l\u2019artista (si l\u2019artista \u00e9s el difunt), i\/o d) finques r\u00fastiques de dedicaci\u00f3 forestal ubicades en terrenys inclosos en un espai integrat en el <em>Pla d\u2019espais d\u2019inter\u00e8s natural<\/em> o en un espai integrat en la xarxa <em>Natura 2000<\/em> podr\u00e0 aplicar una reducci\u00f3 del <strong>95% del valor d\u2019aquests b\u00e9ns<\/strong>.<\/p>\n<p><strong>Per poder gaudir d\u2019aquesta reducci\u00f3, el germ\u00e0 hereu haur\u00e0 de mantenir en el seu patrimoni els esmentats b\u00e9ns durant els<\/strong> <strong>5 anys seg\u00fcents a la defunci\u00f3 del seu germ\u00e0<\/strong> (tret que l\u2019adquirent mori abans o, en el cas que siguin b\u00e9ns culturals, que amb anterioritat hagin estat adquirits per la Generalitat o per un ens local territorial de Catalunya).<\/p>\n<p>Cal tenir en compte que la llei tamb\u00e9 preveu una <strong>reducci\u00f3 del 95% en els casos d\u2019adquisicions de determinades finques r\u00fastiques de dedicaci\u00f3 forestal i exempcions i reduccions del 95% respecte a b\u00e9ns del difunt utilitzats en explotacions agr\u00e0ries de l\u2019hereu<\/strong>.<\/p>\n<\/div><div class=\"fusion-text fusion-text-15\"><h3>Altres particularitats en la liquidaci\u00f3 de les her\u00e8ncies entre germans<\/h3>\n<\/div><div class=\"fusion-text fusion-text-16\"><p>Els germans formen part del \u00ab<strong>grup III\u00bb de parentiu.<\/strong> Aix\u00f2 suposa que:<\/p>\n<ol>\n<li>S\u2019aplicar\u00e0 un <strong>coeficient multiplicador de l\u20191,5882<\/strong> (en el cas de descendents, c\u00f2njuges, parella estable i ascendents oscil\u00b7la entre l\u20191 i l\u20191,2).<\/li>\n<li><strong>No podran aplicar-se les bonificacions de la quota tribut\u00e0ria<\/strong> que la llei preveu pels descendents, c\u00f2njuges, parella estable i ascendents, que arriben fins al 99% en determinats sup\u00f2sits.<\/li>\n<\/ol>\n<p>A globalpacta comptem amb un equip d\u2019advocats especialistes en dret civil que et pot assessorar en qualsevol q\u00fcesti\u00f3 relacionada amb her\u00e8ncies i successions, incloses les seves implicacions fiscals. Pots posar-te en contacte amb nosaltres trucant al 93 363 79 10.<\/p>\n<\/div><div class=\"fusion-clearfix\"><\/div><\/div><\/div><\/div><\/div><\/p>\n","protected":false},"excerpt":{"rendered":"","protected":false},"author":3,"featured_media":20023,"comment_status":"open","ping_status":"open","sticky":false,"template":"","format":"standard","meta":{"_exactmetrics_skip_tracking":false,"_exactmetrics_sitenote_active":false,"_exactmetrics_sitenote_note":"","_exactmetrics_sitenote_category":0,"footnotes":""},"categories":[772,1263,164,822],"tags":[],"_links":{"self":[{"href":"https:\/\/globalpacta.com\/ca\/wp-json\/wp\/v2\/posts\/20019"}],"collection":[{"href":"https:\/\/globalpacta.com\/ca\/wp-json\/wp\/v2\/posts"}],"about":[{"href":"https:\/\/globalpacta.com\/ca\/wp-json\/wp\/v2\/types\/post"}],"author":[{"embeddable":true,"href":"https:\/\/globalpacta.com\/ca\/wp-json\/wp\/v2\/users\/3"}],"replies":[{"embeddable":true,"href":"https:\/\/globalpacta.com\/ca\/wp-json\/wp\/v2\/comments?post=20019"}],"version-history":[{"count":16,"href":"https:\/\/globalpacta.com\/ca\/wp-json\/wp\/v2\/posts\/20019\/revisions"}],"predecessor-version":[{"id":21347,"href":"https:\/\/globalpacta.com\/ca\/wp-json\/wp\/v2\/posts\/20019\/revisions\/21347"}],"wp:featuredmedia":[{"embeddable":true,"href":"https:\/\/globalpacta.com\/ca\/wp-json\/wp\/v2\/media\/20023"}],"wp:attachment":[{"href":"https:\/\/globalpacta.com\/ca\/wp-json\/wp\/v2\/media?parent=20019"}],"wp:term":[{"taxonomy":"category","embeddable":true,"href":"https:\/\/globalpacta.com\/ca\/wp-json\/wp\/v2\/categories?post=20019"},{"taxonomy":"post_tag","embeddable":true,"href":"https:\/\/globalpacta.com\/ca\/wp-json\/wp\/v2\/tags?post=20019"}],"curies":[{"name":"wp","href":"https:\/\/api.w.org\/{rel}","templated":true}]}}