{"id":20061,"date":"2023-06-09T07:50:19","date_gmt":"2023-06-09T07:50:19","guid":{"rendered":"https:\/\/globalpacta.com\/?p=20061"},"modified":"2023-06-09T07:50:19","modified_gmt":"2023-06-09T07:50:19","slug":"que-succeeix-si-el-testament-no-respecta-la-llegitima-2","status":"publish","type":"post","link":"https:\/\/globalpacta.com\/ca\/que-succeeix-si-el-testament-no-respecta-la-llegitima-2\/","title":{"rendered":"Com deixar una her\u00e8ncia a un fill amb discapacitat."},"content":{"rendered":"<p><div class=\"fusion-fullwidth fullwidth-box fusion-builder-row-1 nonhundred-percent-fullwidth non-hundred-percent-height-scrolling\" style=\"--awb-border-radius-top-left:0px;--awb-border-radius-top-right:0px;--awb-border-radius-bottom-right:0px;--awb-border-radius-bottom-left:0px;--awb-flex-wrap:wrap;\" ><div class=\"fusion-builder-row fusion-row\"><div class=\"fusion-layout-column fusion_builder_column fusion-builder-column-0 fusion_builder_column_1_1 1_1 fusion-one-full fusion-column-first fusion-column-last\" style=\"--awb-bg-size:cover;--awb-margin-bottom:0px;\"><div class=\"fusion-column-wrapper fusion-flex-column-wrapper-legacy\"><div class=\"fusion-text fusion-text-1\"><\/div><div class=\"fusion-text fusion-text-2\"><p><img decoding=\"async\" class=\"aligncenter wp-image-20064 size-full\" src=\"https:\/\/globalpacta.com\/wp-content\/uploads\/2023\/06\/herencia-hijo.jpg\" alt=\"\" width=\"1024\" height=\"683\" srcset=\"https:\/\/globalpacta.com\/wp-content\/uploads\/2023\/06\/herencia-hijo-200x133.jpg 200w, https:\/\/globalpacta.com\/wp-content\/uploads\/2023\/06\/herencia-hijo-300x200.jpg 300w, https:\/\/globalpacta.com\/wp-content\/uploads\/2023\/06\/herencia-hijo-400x267.jpg 400w, https:\/\/globalpacta.com\/wp-content\/uploads\/2023\/06\/herencia-hijo-600x400.jpg 600w, https:\/\/globalpacta.com\/wp-content\/uploads\/2023\/06\/herencia-hijo-768x512.jpg 768w, https:\/\/globalpacta.com\/wp-content\/uploads\/2023\/06\/herencia-hijo-800x534.jpg 800w, https:\/\/globalpacta.com\/wp-content\/uploads\/2023\/06\/herencia-hijo.jpg 1024w\" sizes=\"(max-width: 1024px) 100vw, 1024px\" \/><\/p>\n<\/div><div class=\"fusion-clearfix\"><\/div><\/div><\/div><\/div><\/div><div class=\"fusion-fullwidth fullwidth-box fusion-builder-row-2 nonhundred-percent-fullwidth non-hundred-percent-height-scrolling\" style=\"--awb-border-radius-top-left:0px;--awb-border-radius-top-right:0px;--awb-border-radius-bottom-right:0px;--awb-border-radius-bottom-left:0px;--awb-flex-wrap:wrap;\" ><div class=\"fusion-builder-row fusion-row\"><div class=\"fusion-layout-column fusion_builder_column fusion-builder-column-1 fusion_builder_column_1_1 1_1 fusion-one-full fusion-column-first fusion-column-last\" style=\"--awb-bg-size:cover;--awb-margin-bottom:0px;\"><div class=\"fusion-column-wrapper fusion-flex-column-wrapper-legacy\"><div class=\"fusion-sep-clear\"><\/div><div class=\"fusion-separator fusion-full-width-sep\" style=\"margin-left: auto;margin-right: auto;margin-top:10px;width:100%;\"><\/div><div class=\"fusion-sep-clear\"><\/div><div class=\"fusion-text fusion-text-3\"><p>Algunes de les q\u00fcestions que m\u00e9s preocupen als pares de persones amb discapacitat s\u00f3n les relatives a la seva successi\u00f3 per causa de mort.<\/p>\n<p>En aquest article <strong>ens centrarem en les her\u00e8ncies, a Catalunya, a favor de fills majors d\u2019edat amb discapacitat ps\u00edquica.<\/strong> A aquestes her\u00e8ncies s\u2019aplicaran:<\/p>\n<ul>\n<li>La Llei 25\/2010, de 29 de juliol, del llibre segon del Codi Civil de Catalunya, amb les adaptacions operades pel Decret Llei 19\/2021, de 31 d\u2019agost, pel que s\u2019adapta el Codi Civil de Catalunya a la reforma del procediment de modificaci\u00f3 judicial de la capacitat;<\/li>\n<li>La Llei 10\/2008, de 10 de juliol, del llibre quart del Codi Civil de Catalunya, relatiu a les successions;<\/li>\n<li>La Ley 15\/2015, de 2 de juliol, de la Jurisdicci\u00f3 Volunt\u00e0ria, i<\/li>\n<li>La Ley 8\/2021, de 2 de juny, per la que es reforma la legislaci\u00f3 civil i processal pel suport a les persones amb discapacitat en l\u2019exercici de la seva capacitat jur\u00eddica.<\/li>\n<\/ul>\n<\/div><div class=\"fusion-text fusion-text-4\"><h2>El nou marc normatiu en mat\u00e8ria de suport a les persones amb discapacitat<\/h2>\n<\/div><div class=\"fusion-text fusion-text-5\"><p>El 3 de setembre de 2021 va entrar en vigor la Ley 8\/2021, de 2 juny, que va canviar, aix\u00ed, el sistema fins llavors vigent en l\u2019ordenament jur\u00eddic estatal i auton\u00f2mic.<\/p>\n<p>Aquesta llei va reempla\u00e7ar un r\u00e8gim normatiu en el que predominava la substituci\u00f3 de les persones amb discapacitat per a la presa de les seves decisions, per un altre basat en el respecte a la <strong>dignitat de la persona, la seva voluntat i les seves prefer\u00e8ncies<\/strong>. A m\u00e9s a m\u00e9s, ja no es distingeix entre \u00abcapacitat jur\u00eddica\u00bb (la possibilitat inherent a totes les persones de ser subjectes de drets i obligacions) i \u00abcapacitat d\u2019obrar\u00bb (l\u2019aptitud del titular d\u2019un dret o obligaci\u00f3 per a exercir-lo o complir-la). Ara, <strong>la capacitat jur\u00eddica compr\u00e8n tant la titularitat dels drets i obligacions com la legitimaci\u00f3 per a exercitar-los i complir-les, si b\u00e9, en alguns casos (discapacitat), aquell exercici requerir\u00e0 de mesures de suport.<\/strong><\/p>\n<p>Una altra novetat de la nova regulaci\u00f3 \u00e9s que atorga prefer\u00e8ncia a les mesures volunt\u00e0ries, en concret, als anomenats poders preventius, mitjan\u00e7ant els quals es pot designar l\u2019ajuda pel cas de futura discapacitat. Per aquell caso en que no s\u2019haguessin atorgat poders preventius suficients, <strong>es regulen mesures de suport, com la guarda de fet, el defensor judicial o l\u2019assist\u00e8ncia, en base als principis de necessitat i proporcionalitat; i tot aix\u00f2, per a l\u2019exercici de la capacitat jur\u00eddica en igualtat de condicions. L\u2019assist\u00e8ncia, entesa com l\u2019ajuda a l\u2019exercici de la capacitat jur\u00eddica de la persona afectada, pot ser, per al cas que aqu\u00ed tractem, una mesura molt id\u00f2nia.<\/strong><\/p>\n<\/div><div class=\"fusion-text fusion-text-6\"><h2>Qu\u00e8 passa si un hereu \u00e9s discapacitat?<\/h2>\n<\/div><div class=\"fusion-text fusion-text-7\"><p>A continuaci\u00f3, analitzarem <strong>si<\/strong> <strong>pot nomenar-se hereu a un fill amb discapacitat i si aquest podr\u00e0 acceptar l\u2019her\u00e8ncia.<\/strong><\/p>\n<\/div><div class=\"fusion-text fusion-text-8\"><h3>Puc nomenar hereu a una persona amb discapacitat?<\/h3>\n<\/div><div class=\"fusion-text fusion-text-9\"><p><strong>S\u00ed. El testador pot nomenar hereu a qualsevol persona que en el moment de la seva mort hagi nascut o hagi estat concebuda i que sobrevisquin al causant<\/strong>, amb independ\u00e8ncia de que aquesta necessiti d\u2019una mesura de suport per a exercir la seva capacitat jur\u00eddica.<\/p>\n<\/div><div class=\"fusion-text fusion-text-10\"><h3>Pot acceptar una her\u00e8ncia una persona amb discapacitat?<\/h3>\n<\/div><div class=\"fusion-text fusion-text-11\"><p>Segons el llibre quart del Codi Civil de Catalunya, per a acceptar (i repudiar) l\u2019her\u00e8ncia es requereix capacitat d\u2019obrar.<\/p>\n<p>Si es rellegeix aquesta previsi\u00f3 a la vista de la nova normativa, hem d\u2019entendre que <strong>per a que una persona amb discapacitat pugui acceptar una her\u00e8ncia (tant si hi ha testament com si no) requerir\u00e0 d\u2019una mesura de suport<\/strong>.<\/p>\n<\/div><div class=\"fusion-text fusion-text-12\"><h3>La figura de l\u2019assistent amb funcions de representaci\u00f3 per a acceptar l\u2019her\u00e8ncia.<\/h3>\n<\/div><div class=\"fusion-text fusion-text-13\"><p>Pot passar que l\u2019hereu major d\u2019edat necessiti suport per a exercir la seva capacitat en el moment d\u2019acceptar l\u2019her\u00e8ncia, per\u00f2 que en un moment anterior no l\u2019hagu\u00e9s necessitat. Com hem dit, en aquests casos, el propi hereu podia haver nomenat per a s\u00ed mateix (b\u00e9 notarialment a trav\u00e9s de poders preventius, b\u00e9 judicialment) un assistent per a que, per exemple, accept\u00e9s l\u2019her\u00e8ncia en nom seu.<\/p>\n<p>Tanmateix, no \u00e9s com\u00fa que l\u2019hereu ja s\u2019hagi nomenat un assistent, ni que sol\u00b7liciti la seva designaci\u00f3. L\u2019habitual \u00e9s que <strong>l\u2019expedient judicial de jurisdicci\u00f3 volunt\u00e0ria de provisi\u00f3 de mesures judicials de suport a persones amb discapacitat<\/strong> el promogui alguna de les persones que (a banda del propi discapacitat) estan legalment legitimades per a fer-ho: <strong>el Ministeri Fiscal, el c\u00f2njuge no separat o parella estable, els seus descendents, ascendents o germans.<\/strong><\/p>\n<p>L\u2019autoritat judicial, al designar l\u2019assistent, tindr\u00e0 en compte la <strong>voluntat, els desitjos i les prefer\u00e8ncies de la persona a assistir<\/strong>; i si la persona assistida no pogu\u00e9s expressar-los, basar\u00e0 la designaci\u00f3 en la millor interpretaci\u00f3 de la voluntat del discapacitat, d\u2019acord amb la seva traject\u00f2ria vital i la informaci\u00f3 que tinguin les persones de confian\u00e7a.<\/p>\n<p>En la resoluci\u00f3 del nomenament de l\u2019assist\u00e8ncia, <strong>l\u2019autoritat judicial concretar\u00e0 les funcions que ha de dur a terme l\u2019assistent, tant en l\u2019\u00e0mbit personal com en el patrimonial<\/strong>.<\/p>\n<\/div><div class=\"fusion-text fusion-text-14\"><h2>Beneficis fiscals dels hereus amb discapacitat<\/h2>\n<\/div><div class=\"fusion-text fusion-text-15\"><p>Si l\u2019hereu acredita tenir la consideraci\u00f3 legal de persona discapacitada amb un grau de discapacitat igual o superior al 33% podr\u00e0 aplicar-se una reducci\u00f3 a la base imposable de l\u2019impost de successions.<\/p>\n<p>La quantia concreta d\u2019aquella reducci\u00f3 dependr\u00e0 de quin sigui el grau de discapacitat:<\/p>\n<ul>\n<li>Si \u00e9s <strong>igual o superior al 33%<\/strong>, de <strong>275.000 euros<\/strong>.<\/li>\n<li>Si \u00e9s <strong>igual o superior al 65%<\/strong>, de <strong>650.000 euros<\/strong>.<\/li>\n<\/ul>\n<p>A globalpacta comptem amb un equip d\u2019advocats especialistes en dret civil que pot assessorar-te en qualsevol q\u00fcesti\u00f3 relacionada amb her\u00e8ncies i successions, incloses aquelles en les que algun hereu estigui en situaci\u00f3 de discapacitat. Pots posar-te en contacte amb nosaltres trucant al 933 637 910.<\/p>\n<\/div><div class=\"fusion-clearfix\"><\/div><\/div><\/div><\/div><\/div><\/p>\n","protected":false},"excerpt":{"rendered":"","protected":false},"author":3,"featured_media":20065,"comment_status":"open","ping_status":"open","sticky":false,"template":"","format":"standard","meta":{"_exactmetrics_skip_tracking":false,"_exactmetrics_sitenote_active":false,"_exactmetrics_sitenote_note":"","_exactmetrics_sitenote_category":0,"footnotes":""},"categories":[1287,1263,1286,744,836,822],"tags":[],"_links":{"self":[{"href":"https:\/\/globalpacta.com\/ca\/wp-json\/wp\/v2\/posts\/20061"}],"collection":[{"href":"https:\/\/globalpacta.com\/ca\/wp-json\/wp\/v2\/posts"}],"about":[{"href":"https:\/\/globalpacta.com\/ca\/wp-json\/wp\/v2\/types\/post"}],"author":[{"embeddable":true,"href":"https:\/\/globalpacta.com\/ca\/wp-json\/wp\/v2\/users\/3"}],"replies":[{"embeddable":true,"href":"https:\/\/globalpacta.com\/ca\/wp-json\/wp\/v2\/comments?post=20061"}],"version-history":[{"count":8,"href":"https:\/\/globalpacta.com\/ca\/wp-json\/wp\/v2\/posts\/20061\/revisions"}],"predecessor-version":[{"id":20076,"href":"https:\/\/globalpacta.com\/ca\/wp-json\/wp\/v2\/posts\/20061\/revisions\/20076"}],"wp:featuredmedia":[{"embeddable":true,"href":"https:\/\/globalpacta.com\/ca\/wp-json\/wp\/v2\/media\/20065"}],"wp:attachment":[{"href":"https:\/\/globalpacta.com\/ca\/wp-json\/wp\/v2\/media?parent=20061"}],"wp:term":[{"taxonomy":"category","embeddable":true,"href":"https:\/\/globalpacta.com\/ca\/wp-json\/wp\/v2\/categories?post=20061"},{"taxonomy":"post_tag","embeddable":true,"href":"https:\/\/globalpacta.com\/ca\/wp-json\/wp\/v2\/tags?post=20061"}],"curies":[{"name":"wp","href":"https:\/\/api.w.org\/{rel}","templated":true}]}}