{"id":20286,"date":"2023-09-28T08:12:20","date_gmt":"2023-09-28T08:12:20","guid":{"rendered":"https:\/\/globalpacta.com\/?p=20286"},"modified":"2024-02-08T10:23:57","modified_gmt":"2024-02-08T10:23:57","slug":"aspectes-mercantils-tancament-empresa","status":"publish","type":"post","link":"https:\/\/globalpacta.com\/ca\/aspectes-mercantils-tancament-empresa\/","title":{"rendered":"Aspectes mercantils que s&#8217;han de tenir en compte en el tancament d&#8217;una empresa"},"content":{"rendered":"<p><div class=\"fusion-fullwidth fullwidth-box fusion-builder-row-1 nonhundred-percent-fullwidth non-hundred-percent-height-scrolling\" style=\"--awb-border-radius-top-left:0px;--awb-border-radius-top-right:0px;--awb-border-radius-bottom-right:0px;--awb-border-radius-bottom-left:0px;--awb-flex-wrap:wrap;\" ><div class=\"fusion-builder-row fusion-row\"><div class=\"fusion-layout-column fusion_builder_column fusion-builder-column-0 fusion_builder_column_1_1 1_1 fusion-one-full fusion-column-first fusion-column-last\" style=\"--awb-bg-size:cover;--awb-margin-bottom:0px;\"><div class=\"fusion-column-wrapper fusion-flex-column-wrapper-legacy\"><div class=\"fusion-text fusion-text-1\"><p><img decoding=\"async\" class=\"aligncenter wp-image-20252 size-full\" src=\"https:\/\/globalpacta.com\/wp-content\/uploads\/2023\/09\/close-company.jpg\" alt=\"\" width=\"1024\" height=\"683\" srcset=\"https:\/\/globalpacta.com\/wp-content\/uploads\/2023\/09\/close-company-200x133.jpg 200w, https:\/\/globalpacta.com\/wp-content\/uploads\/2023\/09\/close-company-300x200.jpg 300w, https:\/\/globalpacta.com\/wp-content\/uploads\/2023\/09\/close-company-400x267.jpg 400w, https:\/\/globalpacta.com\/wp-content\/uploads\/2023\/09\/close-company-600x400.jpg 600w, https:\/\/globalpacta.com\/wp-content\/uploads\/2023\/09\/close-company-768x512.jpg 768w, https:\/\/globalpacta.com\/wp-content\/uploads\/2023\/09\/close-company-800x534.jpg 800w, https:\/\/globalpacta.com\/wp-content\/uploads\/2023\/09\/close-company.jpg 1024w\" sizes=\"(max-width: 1024px) 100vw, 1024px\" \/><\/p>\n<\/div><div class=\"fusion-clearfix\"><\/div><\/div><\/div><\/div><\/div><div class=\"fusion-fullwidth fullwidth-box fusion-builder-row-2 nonhundred-percent-fullwidth non-hundred-percent-height-scrolling\" style=\"--awb-border-radius-top-left:0px;--awb-border-radius-top-right:0px;--awb-border-radius-bottom-right:0px;--awb-border-radius-bottom-left:0px;--awb-flex-wrap:wrap;\" ><div class=\"fusion-builder-row fusion-row\"><div class=\"fusion-layout-column fusion_builder_column fusion-builder-column-1 fusion_builder_column_1_1 1_1 fusion-one-full fusion-column-first fusion-column-last\" style=\"--awb-bg-size:cover;--awb-margin-bottom:0px;\"><div class=\"fusion-column-wrapper fusion-flex-column-wrapper-legacy\"><div class=\"fusion-sep-clear\"><\/div><div class=\"fusion-separator fusion-full-width-sep\" style=\"margin-left: auto;margin-right: auto;margin-top:10px;width:100%;\"><\/div><div class=\"fusion-sep-clear\"><\/div><div class=\"fusion-text fusion-text-2\"><p class=\"p2\">En aquest article analitzarem els principals aspectes de la dissoluci\u00f3, liquidaci\u00f3 i extinci\u00f3 -el que col\u00b7loquialment podem definir com \u00abel tancament\u00bb- de les societats de responsabilitat limitada (S.L.).<\/p>\n<\/div><div class=\"fusion-text fusion-text-3\"><h2>DISSOLUCI\u00d3 D\u2019UNA EMPRESA.<\/h2>\n<\/div><div class=\"fusion-text fusion-text-4\"><h3>Causes i formes de dissoluci\u00f3.<\/h3>\n<\/div><div class=\"fusion-text fusion-text-5\"><p>Les S.L. poden dissoldre\u2019s de ple dret, per donar-se determinades causes legals o estatut\u00e0ries o per acord de la junta general.<\/p>\n<p>Vegem cadascuna d\u2019aquestes causes:<\/p>\n<p><strong>a) Dissoluci\u00f3 de ple dret.<\/strong><\/p>\n<p>Una S.L. quedar\u00e0 dissolta de forma autom\u00e0tica, obligat\u00f2riament, sense que calgui que la societat adopti l\u2019acord de dissoldre\u2019s ni que, en el seu defecte, ho acordi el jutge, si concorre algun dels seg\u00fcents sup\u00f2sits:<\/p>\n<ul>\n<li>El transcurs del termini de duraci\u00f3 fixat als estatuts socials.<\/li>\n<\/ul>\n<p>Si s\u2019hagu\u00e9s redu\u00eft el capital social a un import que obligu\u00e9s a la transformaci\u00f3 o dissoluci\u00f3 de la societat, o a l\u2019augment del capital social fins a una quantitat igual o superior al m\u00ednim legal, i havent transcorregut 1 any des d\u2019aquella reducci\u00f3, no s\u2019hagu\u00e9s inscrit al Registre Mercantil l\u2019esmentada transformaci\u00f3, dissoluci\u00f3 o augment.<\/p>\n<ul>\n<li>L\u2019obertura de la fase de liquidaci\u00f3 del concurs de creditors de la societat.<\/li>\n<\/ul>\n<p>b) <strong>Dissoluci\u00f3<\/strong>, mitjan\u00e7ant acord de junta o subsidi\u00e0ria decisi\u00f3 del jutge, <strong>per constatar que existeix una causa legal o estatut\u00e0ria de dissoluci\u00f3.<\/strong><\/p>\n<p><strong>b.1)<\/strong> La S.L. haur\u00e0 de dissoldre\u2019s:<\/p>\n<ul>\n<li>Si cessa en l\u2019exercici de l\u2019activitat que constitueix el seu objecte social. Aix\u00f2 s\u2019entendr\u00e0 produ\u00eft si la societat est\u00e0 inactiva durant m\u00e9s d\u20191 any.<\/li>\n<li>Per la conclusi\u00f3 de l\u2019empresa que constitueixi el seu objecte.<\/li>\n<li>Per la impossibilitat manifesta d\u2019aconseguir el fi social.<\/li>\n<li>Si \u00e9s impossible el seu funcionament per la paralitzaci\u00f3 dels \u00f2rgans socials.<\/li>\n<li>Per p\u00e8rdues que deixin redu\u00eft el patrimoni net a una quantitat inferior a la meitat del capital social, tret que procedeixi sol\u00b7licitar la declaraci\u00f3 de concurs.<\/li>\n<li>Si el capital social es redueix per sota del m\u00ednim legal, no sent conseq\u00fc\u00e8ncia del compliment d\u2019una llei.<\/li>\n<li>Si el valor nominal de les participacions socials sense vot excedeixi de la meitat del capital social desemborsat i no es restabl\u00eds la proporci\u00f3 en el termini de 2 anys.<\/li>\n<li>Per qualsevol altra causa establerta als estatuts.<\/li>\n<\/ul>\n<p><strong>b.2)<\/strong> Quan es constati l\u2019exist\u00e8ncia d\u2019alguna d\u2019aquestes situacions, <strong>els administradors de la societat hauran de convocar la junta general per a ser celebrada abans de 2 mesos, incloent la dissoluci\u00f3 en l\u2019ordre del dia de la convocat\u00f2ria.<\/strong><\/p>\n<p>L\u2019adopci\u00f3 d\u2019aquest acord requerir\u00e0 la majoria dels vots v\u00e0lidament emesos, sempre que representin al menys un ter\u00e7 dels vots corresponents a les participacions socials en qu\u00e8 es divideixi el capital social.<\/p>\n<p><strong>b.3) Si la junta general no fos convocada, no es celebr\u00e9s, o no adopt\u00e9s l\u2019acord de dissoldre, qualsevol interessat podr\u00e0 instar la dissoluci\u00f3 davant el jutge<\/strong> mercantil del domicili social.<\/p>\n<p>Els administradors estan obligats a instar la dissoluci\u00f3 judicial quan l\u2019acord social fos contrari a la dissoluci\u00f3 o no pogu\u00e9s aconseguir-se. En cas de no fer-ho, respondran solid\u00e0riament amb la societat de les obligacions socials posteriors a l\u2019esdeveniment de la causa de dissoluci\u00f3 o, en cas de que el seu nomenament fos en aquella junta o despr\u00e9s d\u2019ella, de les obligacions socials posteriors a l\u2019acceptaci\u00f3 del c\u00e0rrec.<\/p>\n<p>En ambd\u00f3s casos, <strong>la sol\u00b7licitud judicial haur\u00e0 de formular-se en el termini de 2 mesos<\/strong> a comptar des de la data prevista per a la celebraci\u00f3 de la junta, aquesta no s\u2019hagi constitu\u00eft, o des del dia de la junta, quan l\u2019acord hagu\u00e9s estat contrari a la dissoluci\u00f3 o no s\u2019hagu\u00e9s adoptat.<\/p>\n<p>&nbsp;<\/p>\n<p><strong>c) Dissoluci\u00f3 per acord de la junta general.<\/strong><\/p>\n<p>La junta general podr\u00e0 acordar la dissoluci\u00f3 de la societat amb <strong>el vot favorable de m\u00e9s de la meitat dels vots corresponents a les participacions en qu\u00e8 es divideixi el capital social<\/strong>, sense necessitat de que hagi concorregut cap causa.<\/p>\n<\/div><div class=\"fusion-text fusion-text-6\"><h3>La inscripci\u00f3 de la dissoluci\u00f3 en el Registre Mercantil.<\/h3>\n<\/div><div class=\"fusion-text fusion-text-7\"><p>La dissoluci\u00f3 de la societat s\u2019inscriur\u00e0 en el Registre Mercantil i es publicar\u00e0 en el Bolet\u00edn Oficial del Registro Mercantil.<\/p>\n<\/div><div class=\"fusion-text fusion-text-8\"><h3>Pot reactivar-se una societat que ha estat dissolta?<\/h3>\n<\/div><div class=\"fusion-text fusion-text-9\"><p class=\"p1\"><b>S\u00ed, la junta general podr\u00e0 acordar la seva reactivaci\u00f3<\/b>, per\u00f2 sempre que concorrin els seg\u00fcents <b>requisits<\/b>:<\/p>\n<ol class=\"ol1\">\n<li class=\"li1\">Que hagi desaparegut la causa de dissoluci\u00f3,<\/li>\n<li class=\"li1\">Que el patrimoni comptable no sigui inferior al capital social, i<\/li>\n<li class=\"li1\">Que no hagi comen\u00e7at el pagament de la quota de liquidaci\u00f3 als socis.<\/li>\n<\/ol>\n<p class=\"p1\">I aix\u00f2, sempre que la dissoluci\u00f3 <span class=\"s1\">no<\/span> hagu\u00e9s estat de ple dret \u2014apartat a) anterior\u2014, cas en qu\u00e8 no podr\u00e0 acordar-se la reactivaci\u00f3.<\/p>\n<p class=\"p1\">L\u2019acord de reactivaci\u00f3 requerir\u00e0 el <b>vot favorable de m\u00e9s de la meitat dels vots corresponents a les participacions en qu\u00e8 es divideixi el capital social<\/b>.<\/p>\n<p class=\"p1\">Cal tenir present que <b>els creditors socials podran oposar-se a l\u2019acord de reactivaci\u00f3<\/b>, si es donen certes condicions legals.<\/p>\n<\/div><div class=\"fusion-text fusion-text-10\"><h2>LIQUIDACI\u00d3 I EXTINCI\u00d3 D\u2019UNA S.L.<\/h2>\n<\/div><div class=\"fusion-text fusion-text-11\"><p class=\"p1\"><b>Un cop dissolta la societat s\u2019obre el per\u00edode de liquidaci\u00f3<\/b>. Mentre dura aquesta, la S.L. haur\u00e0 d\u2019afegir a la seva denominaci\u00f3 l\u2019expressi\u00f3 <b>\u00aben liquidaci\u00f3\u00bb.<\/b><\/p>\n<p class=\"p1\"><b>L\u2019obertura del per\u00edode de liquidaci\u00f3 suposa el cessament dels administradors, qui<\/b> (tret de disposici\u00f3 en contra dels estatuts o, en el seu defecte, en cas de nomenament d\u2019un altre\/s per la junta general de socis que acordi la dissoluci\u00f3) <b>quedaran convertits en liquidadors.<\/b><\/p>\n<\/div><div class=\"fusion-text fusion-text-12\"><h3>Qu\u00e8 fa el liquidador d\u2019una societat?<\/h3>\n<\/div><div class=\"fusion-text fusion-text-13\"><p class=\"p1\">Les obligacions del liquidador s\u00f3n les seg\u00fcents:<\/p>\n<ol>\n<li>Formular un inventari i un balan\u00e7 de la societat a dia de la dissoluci\u00f3, en el termini de 3 mesos a comptar des de l\u2019obertura de la dissoluci\u00f3.<\/li>\n<li>Concloure les operacions pendents i realitzar aquelles necess\u00e0ries per a la liquidaci\u00f3 de la societat.<\/li>\n<li>Percebre els cr\u00e8dits socials i pagar els deutes socials. Si el patrimoni de la societat fos insuficient per a atendre el pagament de les obligacions socials, els socis respondran solid\u00e0riament de la difer\u00e8ncia entre l\u2019import de 3.000 euros i la xifra del capital subscrit.<\/li>\n<li>Portar la comptabilitat de la societat i custodiar els seus llibres, documentaci\u00f3 i correspond\u00e8ncia.<\/li>\n<li>Alienar els b\u00e9ns socials.<\/li>\n<li>Informar, peri\u00f2dicament, als socis i als creditors de l\u2019estat de la liquidaci\u00f3. Si la liquidaci\u00f3 es prolongu\u00e9s per un termini superior al previst per a l\u2019aprovaci\u00f3 dels comptes anuals, presentar\u00e0 a la junta general aquests comptes i un informe detallat que permetin apreciar amb exactitud l\u2019estat de la liquidaci\u00f3.<\/li>\n<li>Concloses les operacions de liquidaci\u00f3, sotmetr\u00e0 a l\u2019aprovaci\u00f3 de la junta general un balan\u00e7 final, un informe complert sobre aquestes operacions i un projecte de divisi\u00f3 de l\u2019actiu resultant entre els socis.<\/li>\n<\/ol>\n<\/div><div class=\"fusion-text fusion-text-14\"><h3>La divisi\u00f3 del patrimoni social i la quota de liquidaci\u00f3.<\/h3>\n<\/div><div class=\"fusion-text fusion-text-15\"><p class=\"p1\">La divisi\u00f3 del patrimoni resultant de la liquidaci\u00f3 es practicar\u00e0 <b>d\u2019acord amb el qu\u00e8 disposin els estatuts o, en el seu defecte, a all\u00f2 fixat per la junta general<\/b>; sempre que, <b>pr\u00e8viament<\/b>, la societat, a trav\u00e9s del liquidador, <b>hagu\u00e9s satisfet o consignat l\u2019import dels cr\u00e8dits dels creditors<\/b>.<\/p>\n<p class=\"p1\">Tret que els estatuts socials disposin una altra cosa, <b>la quota de liquidaci\u00f3 corresponent a cada soci ser\u00e0 proporcional a la seva participaci\u00f3 en el capital social<\/b>.<\/p>\n<p class=\"p1\"><b>Transcorreguts 2 mesos<\/b> des de l\u2019aprovaci\u00f3 del balan\u00e7 final sense que contra ell s\u2019hagin formulat reclamacions o ferma la sent\u00e8ncia que les hagu\u00e9s resolt, <b>es procedir\u00e0 al pagament de la quota de liquidaci\u00f3 als socis<\/b>.<\/p>\n<p class=\"p1\">Tret d\u2019acord un\u00e0nime dels socis, <b>aquests tindran dret a percebre en diners la quota<\/b>.<\/p>\n<p class=\"p1\"><b>Transcorreguts 90 dies des de l\u2019acord de pagament, les quotes no reclamades es consignaran<\/b> a la Caja General de Dep\u00f3sitos, a disposici\u00f3 del soci propietari.<\/p>\n<\/div><div class=\"fusion-text fusion-text-16\"><h3>L\u2019extinci\u00f3 de la S.L.<\/h3>\n<\/div><div class=\"fusion-text fusion-text-17\"><p class=\"p2\">Els liquidadors atorgaran <b>escriptura p\u00fablica d\u2019extinci\u00f3<\/b> de la societat manifestant:<\/p>\n<ol class=\"ol1\">\n<li class=\"li3\">Que ha transcorregut el termini de 2 mesos per a la impugnaci\u00f3 de l\u2019acord d\u2019aprovaci\u00f3 del balan\u00e7 final sense que s\u2019hagin formulat impugnacions o que hagi assolit fermesa la sent\u00e8ncia que les hagu\u00e9s resolt.<\/li>\n<\/ol>\n<ol class=\"ol1\">\n<li class=\"li3\">Que s\u2019ha pagat als creditors o consignat els seus cr\u00e8dits.<\/li>\n<\/ol>\n<ol class=\"ol1\">\n<li class=\"li3\">Que s\u2019ha satisfet als socis la quota de liquidaci\u00f3 o consignat el seu import.<\/li>\n<\/ol>\n<p class=\"p3\">L\u2019escriptura incorporar\u00e0 el balan\u00e7 final de liquidaci\u00f3, la relaci\u00f3 dels socis i el valor de la quota de liquidaci\u00f3 de cadascun, i <b>s\u2019inscriur\u00e0 en el Registre Mercantil<\/b>.<\/p>\n<p class=\"p3\">Durant la liquidaci\u00f3, seran els responsables de <b>custodiar els llibres comptables i la documentaci\u00f3<\/b> de la societat. Extingida la societat, dipositaran els llibres i documents en el Registre Mercantil, i, <b>en cas de no fer-ho, estaran obligats a conservar-los durant els 6 anys<\/b> posteriors al assentament de cancel\u00b7laci\u00f3.<\/p>\n<p class=\"p3\">Per \u00faltim, <b>els liquidadores respondran davant dels socis i els creditors de qualsevol perjudici que els haguessin causat amb dolo o culpa en l\u2019exercici del seu c\u00e0rrec<\/b>.<\/p>\n<p class=\"p3\">A globalpacta comptem amb un equip d\u2019advocats especialistes en dret mercantil i societari que poden assessorar-te en qualsevol q\u00fcesti\u00f3 relacionada amb la teva societat. Pots posar-te en contacte amb nosaltres trucant al 933 637 910.<\/p>\n<\/div><div class=\"fusion-clearfix\"><\/div><\/div><\/div><\/div><\/div><\/p>\n","protected":false},"excerpt":{"rendered":"","protected":false},"author":3,"featured_media":20253,"comment_status":"open","ping_status":"open","sticky":false,"template":"","format":"standard","meta":{"_exactmetrics_skip_tracking":false,"_exactmetrics_sitenote_active":false,"_exactmetrics_sitenote_note":"","_exactmetrics_sitenote_category":0,"footnotes":""},"categories":[165,1289],"tags":[],"_links":{"self":[{"href":"https:\/\/globalpacta.com\/ca\/wp-json\/wp\/v2\/posts\/20286"}],"collection":[{"href":"https:\/\/globalpacta.com\/ca\/wp-json\/wp\/v2\/posts"}],"about":[{"href":"https:\/\/globalpacta.com\/ca\/wp-json\/wp\/v2\/types\/post"}],"author":[{"embeddable":true,"href":"https:\/\/globalpacta.com\/ca\/wp-json\/wp\/v2\/users\/3"}],"replies":[{"embeddable":true,"href":"https:\/\/globalpacta.com\/ca\/wp-json\/wp\/v2\/comments?post=20286"}],"version-history":[{"count":12,"href":"https:\/\/globalpacta.com\/ca\/wp-json\/wp\/v2\/posts\/20286\/revisions"}],"predecessor-version":[{"id":21331,"href":"https:\/\/globalpacta.com\/ca\/wp-json\/wp\/v2\/posts\/20286\/revisions\/21331"}],"wp:featuredmedia":[{"embeddable":true,"href":"https:\/\/globalpacta.com\/ca\/wp-json\/wp\/v2\/media\/20253"}],"wp:attachment":[{"href":"https:\/\/globalpacta.com\/ca\/wp-json\/wp\/v2\/media?parent=20286"}],"wp:term":[{"taxonomy":"category","embeddable":true,"href":"https:\/\/globalpacta.com\/ca\/wp-json\/wp\/v2\/categories?post=20286"},{"taxonomy":"post_tag","embeddable":true,"href":"https:\/\/globalpacta.com\/ca\/wp-json\/wp\/v2\/tags?post=20286"}],"curies":[{"name":"wp","href":"https:\/\/api.w.org\/{rel}","templated":true}]}}