{"id":22050,"date":"2024-04-11T05:07:39","date_gmt":"2024-04-11T05:07:39","guid":{"rendered":"https:\/\/globalpacta.com\/?p=22050"},"modified":"2024-04-11T07:28:18","modified_gmt":"2024-04-11T07:28:18","slug":"rescindir-un-contracte-de-lloguer-una-vegada-signat-2-2-2-2","status":"publish","type":"post","link":"https:\/\/globalpacta.com\/ca\/rescindir-un-contracte-de-lloguer-una-vegada-signat-2-2-2-2\/","title":{"rendered":"Gesti\u00f3 de riscos en activitats a l\u2019aire lliure: De l\u2019inherent al residual"},"content":{"rendered":"<p><div class=\"fusion-fullwidth fullwidth-box fusion-builder-row-1 nonhundred-percent-fullwidth non-hundred-percent-height-scrolling\" style=\"--awb-border-radius-top-left:0px;--awb-border-radius-top-right:0px;--awb-border-radius-bottom-right:0px;--awb-border-radius-bottom-left:0px;--awb-flex-wrap:wrap;\" ><div class=\"fusion-builder-row fusion-row\"><div class=\"fusion-layout-column fusion_builder_column fusion-builder-column-0 fusion_builder_column_1_2 1_2 fusion-one-half fusion-column-first\" style=\"--awb-bg-size:cover;--awb-margin-bottom:0px;width:48%; margin-right: 4%;\"><div class=\"fusion-column-wrapper fusion-flex-column-wrapper-legacy\"><div class=\"fusion-text fusion-text-1\"><p>Les activitats recreatives desenvolupades en el medi natural tenen una demanda creixent, any rere any, per una part de la ciutadania interessada en aprofitar els seus moments de lleure realitzant activitat esportiva a l\u2019aire lliure. Ja no es tracta \u00fanicament d\u2019una minoria d\u2019esportistes o aventurers que, pel seu propi compte i risc, es llancen a la muntanya gestionant i assumint personalment els riscos inherents a l\u2019activitat.<\/p>\n<\/div><div class=\"fusion-text fusion-text-2\"><h2>L\u2019evoluci\u00f3 de les activitats recreatives a l\u2019aire lliure<\/h2>\n<\/div><div class=\"fusion-text fusion-text-3\"><p>Des de fa uns quants lustres s\u2019ha generat una demanda creixent d\u2019aquest tipus d\u2019activitats, anomenades popularment com a esports de risc, d\u2019aventura o activitats de turisme actiu, que ha suposat l\u2019evoluci\u00f3 d\u2019unes disciplines esportives residuals practicades per un sector molt minoritari de la societat, cap a activitats de gran import\u00e0ncia social i per al desenvolupament socioecon\u00f2mic dels entorns, generalment rurals, en els quals es practiquen.<\/p>\n<p>Una gran part dels actuals practicants d\u2019activitats esportives a l\u2019aire lliure demanen serveis que complementin la seva manca d\u2019experi\u00e8ncia, capacitat o de coneixement de l\u2019entorn, i el mercat reacciona oferint-los serveis per satisfer aquesta demanda. Ha proliferat la senyalitzaci\u00f3 de senders, la instal\u00b7laci\u00f3 de vies ferrades, la creaci\u00f3 de centres de btt, la promoci\u00f3 d\u2019escoles d\u2019escalada, l\u2019oferta d\u2019un ampli ventall d\u2019activitats terrestres, a\u00e8ries i aqu\u00e0tiques per part de clubs, associacions i empreses privades anomenades de turisme actiu.<\/p>\n<\/div><div class=\"fusion-clearfix\"><\/div><\/div><\/div><div class=\"fusion-layout-column fusion_builder_column fusion-builder-column-1 fusion_builder_column_1_2 1_2 fusion-one-half fusion-column-last\" style=\"--awb-bg-size:cover;--awb-margin-bottom:0px;width:48%;\"><div class=\"fusion-column-wrapper fusion-flex-column-wrapper-legacy\"><div class=\"fusion-text fusion-text-4\"><p><img decoding=\"async\" class=\"alignnone wp-image-22055 size-full\" src=\"https:\/\/globalpacta.com\/wp-content\/uploads\/2024\/04\/shutterstock_1438889969-scaled.jpg\" alt=\"\" width=\"2560\" height=\"1709\" srcset=\"https:\/\/globalpacta.com\/wp-content\/uploads\/2024\/04\/shutterstock_1438889969-200x134.jpg 200w, https:\/\/globalpacta.com\/wp-content\/uploads\/2024\/04\/shutterstock_1438889969-300x200.jpg 300w, https:\/\/globalpacta.com\/wp-content\/uploads\/2024\/04\/shutterstock_1438889969-400x267.jpg 400w, https:\/\/globalpacta.com\/wp-content\/uploads\/2024\/04\/shutterstock_1438889969-600x401.jpg 600w, https:\/\/globalpacta.com\/wp-content\/uploads\/2024\/04\/shutterstock_1438889969-768x513.jpg 768w, https:\/\/globalpacta.com\/wp-content\/uploads\/2024\/04\/shutterstock_1438889969-800x534.jpg 800w, https:\/\/globalpacta.com\/wp-content\/uploads\/2024\/04\/shutterstock_1438889969-1024x684.jpg 1024w, https:\/\/globalpacta.com\/wp-content\/uploads\/2024\/04\/shutterstock_1438889969-1200x801.jpg 1200w, https:\/\/globalpacta.com\/wp-content\/uploads\/2024\/04\/shutterstock_1438889969-1536x1025.jpg 1536w, https:\/\/globalpacta.com\/wp-content\/uploads\/2024\/04\/shutterstock_1438889969-scaled.jpg 2560w\" sizes=\"(max-width: 2560px) 100vw, 2560px\" \/><\/p>\n<\/div><div class=\"fusion-clearfix\"><\/div><\/div><\/div><\/div><\/div><div class=\"fusion-fullwidth fullwidth-box fusion-builder-row-2 nonhundred-percent-fullwidth non-hundred-percent-height-scrolling\" style=\"--awb-border-radius-top-left:0px;--awb-border-radius-top-right:0px;--awb-border-radius-bottom-right:0px;--awb-border-radius-bottom-left:0px;--awb-flex-wrap:wrap;\" ><div class=\"fusion-builder-row fusion-row\"><div class=\"fusion-layout-column fusion_builder_column fusion-builder-column-2 fusion_builder_column_1_1 1_1 fusion-one-full fusion-column-first fusion-column-last\" style=\"--awb-bg-size:cover;--awb-margin-bottom:0px;\"><div class=\"fusion-column-wrapper fusion-flex-column-wrapper-legacy\"><div class=\"fusion-text fusion-text-5\"><h2><strong>Riscos i responsabilitats: Un enfocament legal i social<\/strong><\/h2>\n<\/div><div class=\"fusion-text fusion-text-6\"><p>El focus d\u2019atenci\u00f3 social ja no est\u00e0 en la <em>rara avis<\/em> de l\u2019aventurer, alpinista, ciclista o escalador solitaris que, sols o en grup, practiquen activitats esportives a l\u2019aire lliure, sin\u00f3 en la gran massa de demandants d\u2019aquest tipus de serveis i en els oferents que satisfan aquesta demanda, degut als drets i obligacions que genera la seva interacci\u00f3 i les potencials responsabilitats pels riscos inherents a les activitats que comparteixen.<\/p>\n<p>La societat demana serveis per a la pr\u00e0ctica d\u2019aquest tipus d\u2019activitats i assumeix, en major o menor mesura que, pel fet de la seva pr\u00e0ctica, el demandant est\u00e0 acceptant un risc que \u00e9s inherent a l\u2019activitat. Per\u00f2 tamb\u00e9 exigeix que els oferents que satisfan aquesta demanda ho facin amb les m\u00e0ximes garanties, per aix\u00f2 la import\u00e0ncia de la gesti\u00f3 de riscos en activitats a l\u2019aire lliure.<\/p>\n<\/div><div class=\"fusion-text fusion-text-7\"><h2><strong>Regulacions i Drets del Consumidor<\/strong><\/h2>\n<\/div><div class=\"fusion-text fusion-text-8\"><p>Les Administracions P\u00fabliques es fan ress\u00f2 d\u2019aquesta oferta i demanda de serveis, de les relacions jur\u00eddiques que sorgeixen de la interacci\u00f3 entre demandants i oferents, dels interessos generals en joc, dels riscos que suposa l\u2019efecte crida per la promoci\u00f3 d\u2019aquest tipus d\u2019activitats tant per al medi ambient com per a les persones, de la import\u00e0ncia econ\u00f2mic\u2013social que suposen per a les zones en les quals es practiquen, per la qual cosa tendeixen a regular la pr\u00e0ctica d\u2019aquestes activitats.<\/p>\n<p>La regulaci\u00f3 administrativa tracta de vetllar per l\u2019inter\u00e8s p\u00fablic i els interessos de la part m\u00e9s vulnerable de les que intervenen en una relaci\u00f3 jur\u00eddica que, fonamentalment en aquests casos, s\u00f3n el medi ambient i el consumidor de serveis per a la pr\u00e0ctica d\u2019activitats recreatives a l\u2019aire lliure.<\/p>\n<\/div><div class=\"fusion-text fusion-text-9\"><h2><strong>El principi de responsabilitat per risc<\/strong><\/h2>\n<\/div><div class=\"fusion-text fusion-text-10\"><p>Quan en la pr\u00e0ctica d\u2019una activitat de risc es produeix un incident que provoca danys, b\u00e9 en les persones, en els b\u00e9ns o en el medi natural, es genera un conflicte, es reclamen responsabilitats i es busca identificar els responsables que hagin d\u2019assumir i respondre pels danys ocasionats. En aquest conflicte poden intervenir particulars, consumidors, oferents de serveis, organismes p\u00fablics i acostuma a debatre\u2019s en expedients administratius i tribunals de just\u00edcia. I aquest \u00e9s el <em>quid<\/em> de la q\u00fcesti\u00f3: l\u2019incident, els danys, el conflicte, les responsabilitats i les conseq\u00fc\u00e8ncies indesitjables, moltes vegades irreparables, que aquest escenari comporta.<\/p>\n<p>Els poders p\u00fablics tenen la responsabilitat i el deure d\u2019establir les normes legals precises per a regular i protegir els interessos i els drets en joc, quan afecten tant l\u2019inter\u00e8s general, com als drets o b\u00e9ns p\u00fablics. I els demandants i oferents tenen el deure d\u2019actuar d\u2019una manera legal, responsable i \u00e8tica. La finalitat \u00e9s, o hauria de ser, que amb aquest repartiment de rols s\u2019aconsegueixin reduir els riscos inherents a la pr\u00e0ctica d\u2019aquest tipus d\u2019 activitats fins a portar-los a un nivell de risc residual, de manera que el risc de produir-se esdeveniments danyosos es vegi redu\u00eft al m\u00ednim nivell possible.<\/p>\n<p>Els organismes p\u00fablics promouen i faciliten activitats formatives i informatives destinades tant a demandants com a oferents, estableixen restriccions per preservar i protegir els valors naturals, a m\u00e9s de barreres d\u2019entrada en el mercat d\u2019oferents d\u2019aquest tipus de serveis per protegir els demandants o consumidors. D\u2019aquesta manera, els qui ofereixen serveis professionals d\u2019activitats considerades de risc usualment es veuen legalment obligats, essencialment, a inscriure\u2019s en un registre p\u00fablic, a exercir l\u2019activitat per mitj\u00e0 de persones degudament capacitades i titulades, a tenir productes d\u2019asseguran\u00e7a contractats, a utilitzar material degudament homologat, a protocolitzar plans de conting\u00e8ncia, a comprometre\u2019s per escrit a complir amb totes les prescripcions legals vigents en cada moment i a signar un document contractual amb el client en el qual se li doni determinada informaci\u00f3 m\u00ednima.<\/p>\n<\/div><div class=\"fusion-text fusion-text-11\"><h2><strong>Estrat\u00e8gies preventives i educaci\u00f3<\/strong><\/h2>\n<\/div><div class=\"fusion-text fusion-text-12\"><p>La doctrina emanada dels tribunals segueix el principi general que, qui volunt\u00e0riament i conscientment realitza una activitat de risc, ha d\u2019assumir les conseq\u00fc\u00e8ncies que es produeixin derivades del risc inherent a l\u2019activitat, ponderant-se les responsabilitats segons les circumst\u00e0ncies del cas concret. Per\u00f2 tamb\u00e9 regeix la doctrina jurisprudencial segons la qual, qui desenvolupa una activitat que genera riscos ha de respondre en cas que es produeixin efectes que causin danys. Doctrines que evolucionen sobre la base del principi legal que, qui per acci\u00f3 o omissi\u00f3 causi dany a un altre, intervenint culpa o neglig\u00e8ncia, haur\u00e0 de reparar el dany causat.<\/p>\n<p>Per tant, demandants i oferents han de tenir en compte que cal posar tots els seus millors esfor\u00e7os a reduir el risc inherent a l\u2019activitat i portar-lo a un nivell residual, complint i aplicant no nom\u00e9s les normes legals i doctrina dels tribunals, sin\u00f3 actuant conforme a valors com la prud\u00e8ncia, la dilig\u00e8ncia, l\u2019autoresponsabilitat, l\u2019empatia, responsabilitat social i el comportament \u00e8tic.<\/p>\n<\/div><div class=\"fusion-text fusion-text-13\"><h2><strong>La import\u00e0ncia del consentiment informat<\/strong><\/h2>\n<\/div><div class=\"fusion-text fusion-text-14\"><p>Els demandants s\u2019han de formar, preparar i informar per tal de guanyar capacitat, compet\u00e8ncia i experi\u00e8ncia per al desenvolupament d\u2019una activitat recreativa a l\u2019aire lliure, i han de comptar amb guies i monitors en cas de considerar-los necessaris o convenients per garantir la seva seguretat i la del seu grup. Els oferents han de prestar els seus serveis anant m\u00e9s enll\u00e0 del mer compliment de les lleis i reglaments. D\u2019aquesta manera, aquests han d\u2019informar expressament, \u00e0mpliament i degudament als seus clients o usuaris, no nom\u00e9s de les caracter\u00edstiques de l\u2019activitat, de l\u2019equip individual necessari, els coneixements i aptituds m\u00ednims requerits, les dificultats previsibles, el comportament envers l\u2019entorn i les normes obligat\u00f2ries per al seu correcte desenvolupament, sin\u00f3 que tamb\u00e9 han d\u2019informar de forma expressa i acreditable sobre els riscos inherents que comporta la realitzaci\u00f3 de l\u2019activitat, obtenint del demandant un consentiment veritablement informat.<\/p>\n<p>A m\u00e9s, hauran d\u2019 actuar de forma preventiva posant els seus millors esfor\u00e7os a establir actuacions i controls que tendeixin a reduir d\u2019una manera efica\u00e7 el risc inherent, amb l\u2019objectiu d\u2019aconseguir portar-lo a un nivell residual, extremant les actuacions preventives en els casos en qu\u00e8 intervinguin menors d\u2019edat.<\/p>\n<p>Quan es materialitza el risc inherent a aquest tipus d\u2019activitats solen produir-se danys personals, i el risc que puguin ser greus o molt greus \u00e9s notori. Aquestes conseq\u00fc\u00e8ncies s\u00f3n indesitjables per a demandants i oferents, i no es veuen esmenades en moltes ocasions amb una compensaci\u00f3 econ\u00f2mica, sanci\u00f3 administrativa o condemna judicial. Les conseq\u00fc\u00e8ncies d\u2019un incident que deriva en danys personals van m\u00e9s enll\u00e0 del risc evident de veure\u2019s embolicats en un conflicte administratiu o judicial i ser subjectes de responsabilitats legals. S\u2019han de tenir en compte tamb\u00e9 els potencials efectes emocionals, els reputacionals i les conseq\u00fc\u00e8ncies irreparables que poden generar els riscos assumits en cas de manifestar-se.<\/p>\n<p>L\u2019 acci\u00f3 preventiva, la gesti\u00f3 dels riscos inherents i l\u2019actuar m\u00e9s enll\u00e0 del que dicten les normes legals, s\u00f3n premisses fonamentals perqu\u00e8 tant demandants com oferents d\u2019activitats recreatives en el medi natural desenvolupin la seva activitat amb responsabilitat, dilig\u00e8ncia i garanties de perman\u00e8ncia.<\/p>\n<\/div><div class=\"fusion-text fusion-text-15\"><p>A <strong>globalpacta<\/strong> comptem amb un equip d\u2019advocats especialistes en turisme i en consultoria de medi ambient que pot acompanyar-te i oferir-te assessorament en qualsevol q\u00fcesti\u00f3 relacionada amb aquests temes. Pots posar-te en contacte amb nosaltres trucant al 933 637 910.<\/p>\n<\/div><div class=\"fusion-clearfix\"><\/div><\/div><\/div><\/div><\/div><\/p>\n","protected":false},"excerpt":{"rendered":"","protected":false},"author":3,"featured_media":22056,"comment_status":"closed","ping_status":"closed","sticky":false,"template":"","format":"standard","meta":{"_exactmetrics_skip_tracking":false,"_exactmetrics_sitenote_active":false,"_exactmetrics_sitenote_note":"","_exactmetrics_sitenote_category":0,"footnotes":""},"categories":[1314,1313],"tags":[],"_links":{"self":[{"href":"https:\/\/globalpacta.com\/ca\/wp-json\/wp\/v2\/posts\/22050"}],"collection":[{"href":"https:\/\/globalpacta.com\/ca\/wp-json\/wp\/v2\/posts"}],"about":[{"href":"https:\/\/globalpacta.com\/ca\/wp-json\/wp\/v2\/types\/post"}],"author":[{"embeddable":true,"href":"https:\/\/globalpacta.com\/ca\/wp-json\/wp\/v2\/users\/3"}],"replies":[{"embeddable":true,"href":"https:\/\/globalpacta.com\/ca\/wp-json\/wp\/v2\/comments?post=22050"}],"version-history":[{"count":9,"href":"https:\/\/globalpacta.com\/ca\/wp-json\/wp\/v2\/posts\/22050\/revisions"}],"predecessor-version":[{"id":22068,"href":"https:\/\/globalpacta.com\/ca\/wp-json\/wp\/v2\/posts\/22050\/revisions\/22068"}],"wp:featuredmedia":[{"embeddable":true,"href":"https:\/\/globalpacta.com\/ca\/wp-json\/wp\/v2\/media\/22056"}],"wp:attachment":[{"href":"https:\/\/globalpacta.com\/ca\/wp-json\/wp\/v2\/media?parent=22050"}],"wp:term":[{"taxonomy":"category","embeddable":true,"href":"https:\/\/globalpacta.com\/ca\/wp-json\/wp\/v2\/categories?post=22050"},{"taxonomy":"post_tag","embeddable":true,"href":"https:\/\/globalpacta.com\/ca\/wp-json\/wp\/v2\/tags?post=22050"}],"curies":[{"name":"wp","href":"https:\/\/api.w.org\/{rel}","templated":true}]}}